{"id":272475,"date":"2025-07-25T09:42:16","date_gmt":"2025-07-25T09:42:16","guid":{"rendered":"https:\/\/www.europesays.com\/fr\/272475\/"},"modified":"2025-07-25T09:42:16","modified_gmt":"2025-07-25T09:42:16","slug":"a-thiers-le-centre-dart-du-creux-de-lenfer-rouvre-ses-portes","status":"publish","type":"post","link":"https:\/\/www.europesays.com\/fr\/272475\/","title":{"rendered":"\u00c0 Thiers, le centre d&rsquo;art du Creux de l&rsquo;enfer rouvre ses portes"},"content":{"rendered":"<p class=\"editor-content__paragraph\">Pour y arriver, il a fallu prendre deux trains et faire un petit trajet en voiture, partir de Paris \u00e0 7\u00a0heures de la gare de Bercy pour n\u2019y poser le pied qu\u2019un peu avant midi. Mais peu importe\u00a0: si le <strong>Creux de l\u2019enfer<\/strong> se m\u00e9rite, sa situation, son architecture, son histoire sont si fortes qu\u2019on oublie instantan\u00e9ment l\u2019effort du trajet pour s\u2019y lover avec d\u00e9lice, <strong>visiter son exposition, arpenter les passerelles<\/strong> qui passent au-dessus de la rivi\u00e8re, regarder la roche par les fen\u00eatres embu\u00e9es d\u2019embruns, s\u2019attarder sur sa terrasse.<\/p>\n<p class=\"editor-content__paragraph editor-content__paragraph--is-hidden\"><strong>\u00ab\u00a0Palimpseste architectural\u00a0\u00bb <\/strong>\u2013 comme l\u2019\u00e9crit le dessinateur <a href=\"https:\/\/www.beauxarts.com\/lifestyle\/les-chiens-graphiques-et-trop-mignons-de-jochen-gerner\/\" target=\"_blank\" rel=\"noopener\">Jochen Gerner<\/a> dans la brochure cr\u00e9\u00e9e pour <strong>la r\u00e9ouverture du centre d\u2019art\u00a0<\/strong>\u2013, le b\u00e2timent a connu <strong>diff\u00e9rentes strates de construction<\/strong> (la plus ancienne remonte \u00e0 1476, avec \u00ab\u00a0l\u2019installation d\u2019un premier rouet \u00e0 \u00e9moudre\u00a0\u00bb), plusieurs incendies, plusieurs propri\u00e9taires, plusieurs industries.<\/p>\n<p>            <strong>Continuez votre lecture<\/strong><\/p>\n<p>\n                et acc\u00e9dez \u00e0 Beaux Arts Magazine<br \/>et \u00e0 tous les contenus web<br \/><strong>en illimit\u00e9 \u00e0 partir de 5,75\u20ac \/ mois<\/strong>\n            <\/p>\n<p class=\"cta-abonnement__log-in\">\n        D\u00e9j\u00e0 abonn\u00e9 ?        <a data-id=\"aHR0cHM6Ly93d3cuYmVhdXhhcnRzLmNvbS9tb24tY29tcHRlLw==\">Connectez-vous<\/a>\n    <\/p>\n<p>            <img data-vllblanksrc=\"https:\/\/www.beauxarts.com\/expos\/implante-dans-un-sublime-site-industriel-le-creux-de-lenfer-rouvre-ses-portes-avec-mona-hatoum-hubert-duprat-ismail-bahri\/1\" data-vllsrc=\"https:\/\/www.europesays.com\/fr\/wp-content\/uploads\/2025\/06\/couv-bam-493-494-232x300.png\" alt=\"\"\/><img data-vllblanksrc=\"https:\/\/www.beauxarts.com\/expos\/implante-dans-un-sublime-site-industriel-le-creux-de-lenfer-rouvre-ses-portes-avec-mona-hatoum-hubert-duprat-ismail-bahri\/1\" data-vllsrc=\"https:\/\/www.europesays.com\/fr\/wp-content\/uploads\/2025\/05\/couv-bam-492-232x300.png\" alt=\"\"\/>        <\/p>\n","protected":false},"excerpt":{"rendered":"Pour y arriver, il a fallu prendre deux trains et faire un petit trajet en voiture, partir de&hellip;\n","protected":false},"author":2,"featured_media":272476,"comment_status":"","ping_status":"","sticky":false,"template":"","format":"standard","meta":{"footnotes":""},"categories":[1358],"tags":[1396,1348,1384,1385,1386,58,59,1011,27,41193],"class_list":{"0":"post-272475","1":"post","2":"type-post","3":"status-publish","4":"format-standard","5":"has-post-thumbnail","7":"category-arts-et-design","8":"tag-art-contemporain","9":"tag-arts","10":"tag-arts-and-design","11":"tag-arts-et-design","12":"tag-design","13":"tag-divertissement","14":"tag-entertainment","15":"tag-fr","16":"tag-france","17":"tag-le-creux-de-lenfer"},"share_on_mastodon":{"url":"https:\/\/pubeurope.com\/@fr\/114913223910491964","error":""},"_links":{"self":[{"href":"https:\/\/www.europesays.com\/fr\/wp-json\/wp\/v2\/posts\/272475","targetHints":{"allow":["GET"]}}],"collection":[{"href":"https:\/\/www.europesays.com\/fr\/wp-json\/wp\/v2\/posts"}],"about":[{"href":"https:\/\/www.europesays.com\/fr\/wp-json\/wp\/v2\/types\/post"}],"author":[{"embeddable":true,"href":"https:\/\/www.europesays.com\/fr\/wp-json\/wp\/v2\/users\/2"}],"replies":[{"embeddable":true,"href":"https:\/\/www.europesays.com\/fr\/wp-json\/wp\/v2\/comments?post=272475"}],"version-history":[{"count":0,"href":"https:\/\/www.europesays.com\/fr\/wp-json\/wp\/v2\/posts\/272475\/revisions"}],"wp:featuredmedia":[{"embeddable":true,"href":"https:\/\/www.europesays.com\/fr\/wp-json\/wp\/v2\/media\/272476"}],"wp:attachment":[{"href":"https:\/\/www.europesays.com\/fr\/wp-json\/wp\/v2\/media?parent=272475"}],"wp:term":[{"taxonomy":"category","embeddable":true,"href":"https:\/\/www.europesays.com\/fr\/wp-json\/wp\/v2\/categories?post=272475"},{"taxonomy":"post_tag","embeddable":true,"href":"https:\/\/www.europesays.com\/fr\/wp-json\/wp\/v2\/tags?post=272475"}],"curies":[{"name":"wp","href":"https:\/\/api.w.org\/{rel}","templated":true}]}}