{"id":272477,"date":"2025-07-25T09:43:20","date_gmt":"2025-07-25T09:43:20","guid":{"rendered":"https:\/\/www.europesays.com\/fr\/272477\/"},"modified":"2025-07-25T09:43:20","modified_gmt":"2025-07-25T09:43:20","slug":"croire-au-livre-et-au-livre-audio","status":"publish","type":"post","link":"https:\/\/www.europesays.com\/fr\/272477\/","title":{"rendered":"Croire au livre et au livre audio"},"content":{"rendered":"<p style=\"margin-left: 40px;\"><strong>Cliquez sur un QR code et vous plongerez dans un r\u00e9cit merveilleux. Vous \u00eates \u00e0 l\u2019\u00e9coute, sur votre smartphone, d\u2019un livre audio fascinant, racont\u00e9 par une belle voix, dans un univers sonore illustr\u00e9, comme ceux que produit Zakia Bouassida. Une v\u00e9ritable saga.<\/strong><\/p>\n<p>Juin dernier aura \u00e9t\u00e9 un mois intense pour Zakia Bouassida. Cette normalienne devenue pionni\u00e8re dans le livre audio encha\u00eene les \u00e9v\u00e9nements. Prospection active au Paris Books Market, bourse de cession et d\u2019achat de droits d\u2019auteur, lancement de deux nouveaux livres L\u2019odyss\u00e9e de Tamra d\u2019Issam Marzouki, doubl\u00e9 en audio et Yeza de Nada Dagdoug, et participation \u00e0 la conf\u00e9rence que l\u2019Alliance internationale des \u00e9diteurs ind\u00e9pendants tient \u00e0 Tunis : elle se bat sur tous les fronts.<img decoding=\"async\" src=\"https:\/\/www.europesays.com\/fr\/wp-content\/uploads\/2025\/07\/Zakia-Bouassida-21-06-25-(2).jpg\" width=\"100%\" vspace=\"5\" hspace=\"5\" align=\"middle\" alt=\"\"\/>De chaque manifestation, Zakia Bouassida essaye d\u2019apprendre le plus, d\u2019\u00e9tablir des contacts et d\u2019avancer dans ses projets. Au Paris Books Market, elle s\u2019est impr\u00e9gn\u00e9e du syst\u00e8me de vente-achat des droits d\u2019auteur et a acquis la conviction que le livre audio, qui est encore \u00e0 ses d\u00e9buts en Tunisie, ne tardera pas \u00e0 se d\u00e9velopper. Les tendances pour l\u2019\u00e9dition jeunesse poussent au-del\u00e0 de la repr\u00e9sentation de l\u2019humain vers la nature, les animaux et les personnages fictifs. En vogue \u00e9galement la fantaisie qui n\u2019est li\u00e9e ni au lieu ni au temps.<\/p>\n<p><img decoding=\"async\" src=\"https:\/\/www.europesays.com\/fr\/wp-content\/uploads\/2025\/07\/Zakia-Bouassida-21-06-25-(3)(1).jpg\" width=\"40%\" vspace=\"5\" hspace=\"5\" align=\"left\" alt=\"\"\/>Le livre audio suppose l\u2019ancrage d\u2019une culture de l\u2019\u00e9coute qui se pratique \u00e0 tout moment de la journ\u00e9e, en tout lieu. Cela exige la disponibilit\u00e9 sur des plateformes accessibles de versions audio de qualit\u00e9, avec des voix appr\u00e9ci\u00e9es, un environnement sonore appropri\u00e9 et une conformit\u00e9 aux normes requises. Zakia y croit. Passionn\u00e9e de litt\u00e9rature et d\u2019audiovisuel, elle jouit d\u2019une double formation solide. A l\u2019Ecole normale sup\u00e9rieure (2009), elle choisira comme sujet de m\u00e9moire de ma\u00eetrise, sous la direction de H\u00e9la Ouardi, \u00abL&rsquo;art de la fugue dans les \u00ab\u00a0Exercices de Style\u00a0\u00bb de Raymond Queneau\u00bb. Poussant plus loin, elle obtiendra un master 2 \u00e0 la Sorbonne nouvelle en \u00e9tudes cin\u00e9matographiques et audiovisuelles (2012). De retour \u00e0 Tunis, elle plongera dans divers projets culturels, audiovisuels et d\u2019\u00e9dition qui enrichiront son exp\u00e9rience.<\/p>\n<p>Zakia est alors fin pr\u00eate pour se lancer \u00e0 son propre compte, en cr\u00e9ant avec son \u00e9poux, en 2021, les Editions la Voix du livre (<a href=\"http:\/\/www.liveox.co\" target=\"_blank\" rel=\"noopener\">www.liveox.co<\/a>).<\/p>\n<p>Les d\u00e9buts n\u2019\u00e9taient pas faciles, se concentrant uniquement sur des livres audio. Premier projet, \u00e0 tout seigneur, tout honneur : Le Petit Prince. Le com\u00e9dien Jamel Madani acceptera aimablement de pr\u00eater sa voix. L\u2019exercice a \u00e9t\u00e9 riche en enseignements. Zakia devait chercher de bons textes, de belles voix, de bons studios d\u2019enregistrement, de bons ing\u00e9nieurs du son et illustrateurs\u2026 Elle y parviendra non sans peine. Puis, se r\u00e9soudra \u00e0 monter son propre mini-studio et mettre la main directement \u00e0 l\u2019enregistrement et au montage, laissant la derni\u00e8re touche \u00e0 un professionnel talentueux.<\/p>\n<p><img decoding=\"async\" src=\"https:\/\/www.europesays.com\/fr\/wp-content\/uploads\/2025\/07\/Zakia-Bouassida-21-06-25-(4)(1).jpg\" width=\"40%\" vspace=\"5\" hspace=\"5\" align=\"right\" alt=\"\"\/>Les premi\u00e8res commandes furent des livres publi\u00e9s par des \u00e9diteurs et des organismes convaincus de les \u00e9diter \u00e9galement en version audio. Le co\u00fbt d\u2019un livre audio d\u00e9pend du volume, du choix du narrateur qui pr\u00eatera sa voix, de l\u2019univers sonore, de la musique. Il faut compter pas moins de 2 500 euros pour un roman de 200 pages. Mais, c\u2019est tr\u00e8s variable.<\/p>\n<p>La qualit\u00e9 fournie par Zakia sera encourageante pour aller de l\u2019avant. Elle se mettra \u00e0 produire ses propres titres et les placer sur diff\u00e9rentes plateformes d\u2019\u00e9coute. Son catalogue compte aujourd\u2019hui 14 titres attractifs. Les r\u00e9sultats, bien que timides, l\u2019inciteront \u00e0 poursuivre sa d\u00e9marche. Elle s\u2019investira dans le concept du livre mixte, avec une version imprim\u00e9e et une deuxi\u00e8me audio. Un pont sera alors \u00e9tabli entre les deux. L\u2019audio-lecteur, dira-t-elle, aimera acheter le livre.<\/p>\n<p>Pour le livre imprim\u00e9, outre le texte, l\u2019illustration, la maquette, l\u2019impression et la finition sont importantes. Les co\u00fbts sont \u00e9lev\u00e9s et l\u2019\u00e9coulement en librairies est lent. Elle se battra sur les deux fronts.<\/p>\n<p>Zakia cherche \u00e0 donner l\u2019envie de lire, d\u2019\u00e9couter et de se d\u00e9crocher de l\u2019\u00e9cran. Pour cela, elle doit assurer une plus grande visibilit\u00e9 \u00e0 ses livres audio sur les plateformes. Elle sait que la rentabilit\u00e9 se fera \u00e0 moyen terme, en comptant 5 \u00e0 6 ans, sans que cela la d\u00e9courage.\u00a0<\/p>\n<p>De la passion, de l\u2019\u00e9nergie et de la cr\u00e9ativit\u00e9: Zakia Bouassida promet de grandes r\u00e9ussites.<\/p>\n","protected":false},"excerpt":{"rendered":"Cliquez sur un QR code et vous plongerez dans un r\u00e9cit merveilleux. Vous \u00eates \u00e0 l\u2019\u00e9coute, sur votre&hellip;\n","protected":false},"author":2,"featured_media":272478,"comment_status":"","ping_status":"","sticky":false,"template":"","format":"standard","meta":{"footnotes":""},"categories":[1357],"tags":[1379,13789,58,59,1011,27,25920,37601,1380,37600,35092,2028],"class_list":{"0":"post-272477","1":"post","2":"type-post","3":"status-publish","4":"format-standard","5":"has-post-thumbnail","7":"category-livres","8":"tag-books","9":"tag-dirigeants","10":"tag-divertissement","11":"tag-entertainment","12":"tag-fr","13":"tag-france","14":"tag-journal-en-ligne","15":"tag-leaders","16":"tag-livres","17":"tag-media-en-ligne","18":"tag-personnalites","19":"tag-tunisie"},"share_on_mastodon":{"url":"https:\/\/pubeurope.com\/@fr\/114913227999796544","error":""},"_links":{"self":[{"href":"https:\/\/www.europesays.com\/fr\/wp-json\/wp\/v2\/posts\/272477","targetHints":{"allow":["GET"]}}],"collection":[{"href":"https:\/\/www.europesays.com\/fr\/wp-json\/wp\/v2\/posts"}],"about":[{"href":"https:\/\/www.europesays.com\/fr\/wp-json\/wp\/v2\/types\/post"}],"author":[{"embeddable":true,"href":"https:\/\/www.europesays.com\/fr\/wp-json\/wp\/v2\/users\/2"}],"replies":[{"embeddable":true,"href":"https:\/\/www.europesays.com\/fr\/wp-json\/wp\/v2\/comments?post=272477"}],"version-history":[{"count":0,"href":"https:\/\/www.europesays.com\/fr\/wp-json\/wp\/v2\/posts\/272477\/revisions"}],"wp:featuredmedia":[{"embeddable":true,"href":"https:\/\/www.europesays.com\/fr\/wp-json\/wp\/v2\/media\/272478"}],"wp:attachment":[{"href":"https:\/\/www.europesays.com\/fr\/wp-json\/wp\/v2\/media?parent=272477"}],"wp:term":[{"taxonomy":"category","embeddable":true,"href":"https:\/\/www.europesays.com\/fr\/wp-json\/wp\/v2\/categories?post=272477"},{"taxonomy":"post_tag","embeddable":true,"href":"https:\/\/www.europesays.com\/fr\/wp-json\/wp\/v2\/tags?post=272477"}],"curies":[{"name":"wp","href":"https:\/\/api.w.org\/{rel}","templated":true}]}}