{"id":272484,"date":"2025-07-25T09:47:10","date_gmt":"2025-07-25T09:47:10","guid":{"rendered":"https:\/\/www.europesays.com\/fr\/272484\/"},"modified":"2025-07-25T09:47:10","modified_gmt":"2025-07-25T09:47:10","slug":"vous-souffrez-de-ces-troubles-neurologiques-vous-devriez-blamer-cette-ancienne-espece-humaine","status":"publish","type":"post","link":"https:\/\/www.europesays.com\/fr\/272484\/","title":{"rendered":"Vous souffrez de ces troubles neurologiques ? Vous devriez bl\u00e2mer cette ancienne esp\u00e8ce humaine"},"content":{"rendered":"<p data-start=\"145\" data-end=\"544\">Les maux de t\u00eate chroniques, les<br \/>\nvertiges, les troubles de l\u2019\u00e9quilibre ou encore la vision floue<br \/>\naffectent des millions de personnes dans le monde. Si ces sympt\u00f4mes<br \/>\nsont souvent attribu\u00e9s \u00e0 des causes environnementales ou<br \/>\nneurologiques classiques, une hypoth\u00e8se r\u00e9cente ouvre une piste<br \/>\ninattendue : ils pourraient \u00eatre li\u00e9s \u00e0 l\u2019h\u00e9ritage g\u00e9n\u00e9tique laiss\u00e9<br \/>\npar nos lointains cousins <a href=\"https:\/\/sciencepost.fr\/decouverte-exceptionnelle-dune-usine-a-graisse-vieille-de-125-000-ans-exploitee-par-les-neandertaliens\/\" target=\"_blank\" rel=\"noopener nofollow\">n\u00e9andertaliens<\/a>.<\/p>\n<p data-start=\"546\" data-end=\"1092\">C\u2019est ce que sugg\u00e8re une \u00e9tude<br \/>\nmen\u00e9e par Kimberly Plomp et ses coll\u00e8gues de l\u2019Universit\u00e9 des<br \/>\nPhilippines Diliman. Publi\u00e9e dans la revue <a href=\"https:\/\/dx.doi.org\/10.1093\/emph\/eoaf009\" target=\"_blank\" rel=\"noopener nofollow\">Evolution, Medicine,<br \/>\nand Public Health<\/a>, l\u2019\u00e9tude s\u2019int\u00e9resse \u00e0 une affection<br \/>\nappel\u00e9e malformation de Chiari de type 1, une anomalie structurelle<br \/>\ndu cr\u00e2ne qui toucherait environ 1 personne sur 100. Les chercheurs<br \/>\nont d\u00e9couvert que la forme du cr\u00e2ne des individus atteints de cette<br \/>\npathologie ressemble \u00e9tonnamment \u00e0 celle des N\u00e9andertaliens, ce qui<br \/>\npourrait indiquer une origine \u00e9volutive insoup\u00e7onn\u00e9e.<\/p>\n<p>Une anomalie discr\u00e8te mais<br \/>\nimpactante<\/p>\n<p data-start=\"1137\" data-end=\"1606\">La malformation de Chiari 1<br \/>\nest une condition dans laquelle la partie inf\u00e9rieure du cerveau, le<br \/>\ncervelet, s\u2019enfonce anormalement dans le canal rachidien. Cette<br \/>\nconfiguration engendre une compression de la zone, provoquant des<br \/>\ntroubles vari\u00e9s : maux de t\u00eate s\u00e9v\u00e8res, vertiges, engourdissements,<br \/>\ntroubles visuels ou auditifs, voire difficult\u00e9s motrices. Bien que<br \/>\ncette forme soit consid\u00e9r\u00e9e comme b\u00e9nigne, ses effets sur la<br \/>\nqualit\u00e9 de vie peuvent \u00eatre importants.<\/p>\n<p data-start=\"1608\" data-end=\"2045\">Ce qui intrigue les chercheurs<br \/>\ndepuis plusieurs ann\u00e9es, c\u2019est la structure particuli\u00e8re du cr\u00e2ne<br \/>\nchez les personnes atteintes. Pour mieux comprendre l\u2019origine de<br \/>\ncette malformation, l\u2019\u00e9quipe de Kimberly Plomp a analys\u00e9 des scans<br \/>\nm\u00e9dicaux de 46 adultes porteurs de la maladie et les a compar\u00e9s \u00e0<br \/>\nceux de 57 individus non atteints. \u00c0 partir de ces donn\u00e9es, ils ont<br \/>\nconstruit des mod\u00e8les 3D pr\u00e9cis des structures cr\u00e2niennes.<\/p>\n<p data-start=\"2047\" data-end=\"2387\">R\u00e9sultat : les cr\u00e2nes affect\u00e9s<br \/>\npar la malformation pr\u00e9sentent une base plus plate et plus courte,<br \/>\navec un os occipital (l\u2019arri\u00e8re du cr\u00e2ne) significativement r\u00e9duit.<br \/>\nCela cr\u00e9e un espace r\u00e9duit \u00e0 la jonction entre le cr\u00e2ne et la<br \/>\nmoelle \u00e9pini\u00e8re, une configuration qui favorise justement le<br \/>\nglissement du cervelet vers le canal rachidien.<\/p>\n<p><img loading=\"lazy\" data-lazyloaded=\"1\" decoding=\"async\" class=\"size-full wp-image-313072\" src=\"https:\/\/www.europesays.com\/fr\/wp-content\/uploads\/2025\/07\/neanderthal-dna-could-1.jpg\" alt=\"troubles neurologique n\u00e9andertaliens n\u00e9andertal\" width=\"1280\" height=\"690\"  data-\/><br \/>\nRep\u00e8res utilis\u00e9s dans la pr\u00e9sente \u00e9tude, repr\u00e9sent\u00e9s sur un mod\u00e8le<br \/>\n3D tomodensitom\u00e9trique du cr\u00e2ne d\u2019un humain vivant sans CM-I.<br \/>\nCr\u00e9dit : Evolution, Medicine, and Public Health (2025). DOI :<br \/>\n10.1093\/emph\/eoaf009\u00c0 la recherche de nos<br \/>\norigines cr\u00e2niennes<\/p>\n<p data-start=\"2436\" data-end=\"2683\">Mais l\u2019\u00e9tude ne s\u2019est pas<br \/>\narr\u00eat\u00e9e l\u00e0. Les chercheurs ont \u00e9largi leur analyse en comparant ces<br \/>\ncr\u00e2nes modernes avec ceux de diff\u00e9rentes esp\u00e8ces humaines anciennes<br \/>\n: Homo sapiens, Homo erectus, Homo heidelbergensis\u2026 et Homo<br \/>\nneanderthalensis.<\/p>\n<p data-start=\"2685\" data-end=\"2943\">C\u2019est l\u00e0 que les choses<br \/>\ndeviennent int\u00e9ressantes. La forme de la base du cr\u00e2ne des patients<br \/>\natteints de Chiari 1 ressemble fortement \u00e0 celle des<br \/>\nN\u00e9andertaliens, alors que celle des t\u00e9moins s\u2019aligne davantage avec<br \/>\nl\u2019anatomie de l\u2019Homo sapiens moderne.<\/p>\n<p data-start=\"2945\" data-end=\"3469\">Ce rapprochement alimente ce<br \/>\nque les chercheurs appellent l\u2019hypoth\u00e8se d\u2019introgression archa\u00efque<br \/>\n: l\u2019id\u00e9e que certains traits anatomiques, y compris pathologiques,<br \/>\nque l\u2019on observe chez les humains modernes pourraient provenir du<br \/>\ncroisement g\u00e9n\u00e9tique avec des esp\u00e8ces humaines aujourd\u2019hui<br \/>\ndisparues. On sait en effet que les personnes d\u2019ascendance non<br \/>\nafricaine poss\u00e8dent environ 1 \u00e0 2 % d\u2019ADN n\u00e9andertalien dans leur<br \/>\ng\u00e9nome. Une proportion h\u00e9rit\u00e9e des rencontres interesp\u00e8ces<br \/>\nsurvenues il y a environ 50 000 ans.<\/p>\n<p>L\u2019ADN n\u00e9andertalien : vestige<br \/>\nou fardeau ?<\/p>\n<p data-start=\"3519\" data-end=\"3851\">Selon les chercheurs, les<br \/>\nr\u00e9sultats sont coh\u00e9rents avec une origine n\u00e9andertalienne de la<br \/>\nmalformation de Chiari 1, mais ne confirment pas totalement<br \/>\nl\u2019hypoth\u00e8se. Les similitudes anatomiques sont frappantes, mais la<br \/>\npreuve g\u00e9n\u00e9tique directe reste \u00e0 \u00e9tablir. En d\u2019autres termes, le<br \/>\nlien est plausible, mais encore sp\u00e9culatif.<\/p>\n<p data-start=\"3853\" data-end=\"4265\">La prochaine \u00e9tape de la<br \/>\nrecherche consistera donc \u00e0 analyser le g\u00e9nome de patients atteints<br \/>\nde cette malformation pour y rechercher sp\u00e9cifiquement des<br \/>\ns\u00e9quences d\u2019origine n\u00e9andertalienne. Si de tels g\u00e8nes sont<br \/>\nidentifi\u00e9s, cela pourrait non seulement valider l\u2019hypoth\u00e8se de<br \/>\nl\u2019introgression, mais aussi ouvrir la voie \u00e0 des diagnostics plus<br \/>\npr\u00e9coces et \u00e0 de nouvelles strat\u00e9gies de traitement.<\/p>\n<p>Un rappel sur l\u2019h\u00e9ritage de<br \/>\nl\u2019\u00e9volution<\/p>\n<p data-start=\"4312\" data-end=\"4653\">Au-del\u00e0 de l\u2019aspect m\u00e9dical,<br \/>\ncette \u00e9tude soul\u00e8ve une question fascinante : dans quelle mesure<br \/>\nsommes-nous encore influenc\u00e9s par notre pass\u00e9 \u00e9volutif ? L\u2019id\u00e9e que<br \/>\ndes traits issus de l\u2019\u00e9volution humaine ancienne puissent encore<br \/>\naffecter notre biologie contemporaine nous rappelle que l\u2019h\u00e9ritage<br \/>\ng\u00e9n\u00e9tique n\u2019est pas toujours b\u00e9n\u00e9fique.<\/p>\n<p data-start=\"4655\" data-end=\"4954\">Des adaptations utiles il y a<br \/>\ndes milliers d\u2019ann\u00e9es \u2013 comme un cr\u00e2ne adapt\u00e9 \u00e0 un mode de vie<br \/>\nrobuste et physique \u2013 peuvent se transformer en handicaps dans un<br \/>\nenvironnement moderne, o\u00f9 nos cerveaux plus volumineux et notre<br \/>\nstation debout permanente exigent une architecture cr\u00e2nienne<br \/>\ndiff\u00e9rente.<\/p>\n<p data-start=\"4956\" data-end=\"5238\" data-is-last-node=\"\" data-is-only-node=\"\">En d\u00e9finitive, ce que nous dit cette \u00e9tude,<br \/>\nc\u2019est que nos douleurs d\u2019aujourd\u2019hui pourraient \u00eatre les \u00e9chos<br \/>\nlointains d\u2019un pass\u00e9 archa\u00efque. Un pass\u00e9 inscrit dans nos g\u00e8nes,<br \/>\nsilencieux mais tenace. Et si une partie de notre mal de cr\u00e2ne<br \/>\nvenait, litt\u00e9ralement, de l\u2019\u00e2ge de pierre ?<\/p>\n","protected":false},"excerpt":{"rendered":"Les maux de t\u00eate chroniques, les vertiges, les troubles de l\u2019\u00e9quilibre ou encore la vision floue affectent des&hellip;\n","protected":false},"author":2,"featured_media":272485,"comment_status":"","ping_status":"","sticky":false,"template":"","format":"standard","meta":{"footnotes":""},"categories":[10],"tags":[1011,27,72,71],"class_list":{"0":"post-272484","1":"post","2":"type-post","3":"status-publish","4":"format-standard","5":"has-post-thumbnail","7":"category-sante","8":"tag-fr","9":"tag-france","10":"tag-health","11":"tag-sante"},"share_on_mastodon":{"url":"https:\/\/pubeurope.com\/@fr\/114913243679770256","error":""},"_links":{"self":[{"href":"https:\/\/www.europesays.com\/fr\/wp-json\/wp\/v2\/posts\/272484","targetHints":{"allow":["GET"]}}],"collection":[{"href":"https:\/\/www.europesays.com\/fr\/wp-json\/wp\/v2\/posts"}],"about":[{"href":"https:\/\/www.europesays.com\/fr\/wp-json\/wp\/v2\/types\/post"}],"author":[{"embeddable":true,"href":"https:\/\/www.europesays.com\/fr\/wp-json\/wp\/v2\/users\/2"}],"replies":[{"embeddable":true,"href":"https:\/\/www.europesays.com\/fr\/wp-json\/wp\/v2\/comments?post=272484"}],"version-history":[{"count":0,"href":"https:\/\/www.europesays.com\/fr\/wp-json\/wp\/v2\/posts\/272484\/revisions"}],"wp:featuredmedia":[{"embeddable":true,"href":"https:\/\/www.europesays.com\/fr\/wp-json\/wp\/v2\/media\/272485"}],"wp:attachment":[{"href":"https:\/\/www.europesays.com\/fr\/wp-json\/wp\/v2\/media?parent=272484"}],"wp:term":[{"taxonomy":"category","embeddable":true,"href":"https:\/\/www.europesays.com\/fr\/wp-json\/wp\/v2\/categories?post=272484"},{"taxonomy":"post_tag","embeddable":true,"href":"https:\/\/www.europesays.com\/fr\/wp-json\/wp\/v2\/tags?post=272484"}],"curies":[{"name":"wp","href":"https:\/\/api.w.org\/{rel}","templated":true}]}}