{"id":272492,"date":"2025-07-25T09:51:10","date_gmt":"2025-07-25T09:51:10","guid":{"rendered":"https:\/\/www.europesays.com\/fr\/272492\/"},"modified":"2025-07-25T09:51:10","modified_gmt":"2025-07-25T09:51:10","slug":"casque-de-chantier-desaccord-sur-les-chiffres-la-drole-de-visite-de-donald-trump-aupres-du-patron-decrie-de-la-fed","status":"publish","type":"post","link":"https:\/\/www.europesays.com\/fr\/272492\/","title":{"rendered":"Casque de chantier, d\u00e9saccord sur les chiffres&#8230; La dr\u00f4le de visite de Donald Trump aupr\u00e8s du patron d\u00e9cri\u00e9 de la Fed"},"content":{"rendered":"<p>Jeudi, le pr\u00e9sident am\u00e9ricain a eu un \u00e9change tendu avec le patron de l\u2019institution, Jerome Powell, \u00e0 qui il a demand\u00e9 \u00e0 nouveau de baisser les taux.<\/p>\n<p class=\"fig-paragraph\">L\u2019animosit\u00e9 entre le pr\u00e9sident am\u00e9ricain et le dirigeant de la banque centrale am\u00e9ricaine ne faiblit pas. Donald Trump, venu inspecter jeudi la\u00a0<a href=\"http:\/\/www.lefigaro.fr\/flash-eco\/le-dollar-leste-par-l-appel-d-un-responsable-de-la-fed-pour-une-baisse-de-taux-20250718\" target=\"_blank\" data-fig-type=\"NewsFlash\" rel=\"noopener nofollow\" data-gtm-custom-categorie=\"navigation\" data-gtm-custom-action=\"crossclick\" data-gtm-custom-label=\"Contextuel\" data-gtm-event=\"customEventSPE\" data-fig-domain=\"LEFIGARO\">Fed<\/a>, a eu un \u00e9change tendu avec le patron de l&rsquo;institution, Jerome Powell, \u00e0 qui il a demand\u00e9 \u00e0 nouveau de baisser les taux, mais sans aller l&rsquo;invectiver en face-\u00e0-face comme il l&rsquo;a fait par r\u00e9seaux sociaux et cam\u00e9ras interpos\u00e9s ces derni\u00e8res semaines, de mani\u00e8re r\u00e9p\u00e9t\u00e9e.<\/p>\n<p class=\"fig-paragraph\">Le r\u00e9publicain de 79 ans est venu observer un grand chantier de r\u00e9novation de l&rsquo;imposant b\u00e2timent \u00e0 Washington. Le banquier central a contest\u00e9, en secouant vigoureusement la t\u00eate, un chiffrage du co\u00fbt des travaux de 3,1 milliards de dollars avanc\u00e9 par le pr\u00e9sident am\u00e9ricain, au lieu de 2,7 milliards au d\u00e9part. \u00abJe ne suis pas au courant\u00bb, a-t-il dit. Chaussant ses lunettes et examinant un papier que lui tendait Donald Trump devant les journalistes, Jerome Powell a soulign\u00e9 que le r\u00e9publicain avait ajout\u00e9 dans son estimation un \u00abtroisi\u00e8me b\u00e2timent\u00bb. \u00abC\u2019est un b\u00e2timent qui est en cours de construction\u00bb, a lanc\u00e9 le pr\u00e9sident, coiff\u00e9 comme son h\u00f4te d\u2019un casque de chantier. \u00abNon, il a \u00e9t\u00e9 construit il y a cinq ans\u00bb, a r\u00e9torqu\u00e9 le patron de la Fed.<\/p>\n<p>                                    <a class=\"fig-a11y-skip a11y-hidden\" href=\"#fig-a11y-skip-main-inarticle\"><br \/>\n        Passer la publicit\u00e9<br \/>\n    <\/a><\/p>\n<p class=\"fig-paragraph\">Donald Trump avait r\u00e9cemment estim\u00e9 que le chantier de r\u00e9novation pouvait avoir donn\u00e9 lieu \u00e0 une \u00abfraude\u00bb, alimentant les sp\u00e9culations sur un renvoi du patron de la R\u00e9serve f\u00e9d\u00e9rale. Le pr\u00e9sident r\u00e9publicain l\u2019avait nomm\u00e9 pendant son premier mandat (2017-2021), puis Jerome Powell avait \u00e9t\u00e9 reconduit par le d\u00e9mocrate Joe Biden. Mais il assure regretter am\u00e8rement ce choix et accable r\u00e9guli\u00e8rement le banquier central de critiques virulentes.<\/p>\n<p class=\"fig-body-link\">\n            \u00c0 lire aussi<br \/>\n        <a class=\"fig-body-link__link fig-premium-mark\" href=\"http:\/\/www.lefigaro.fr\/conjoncture\/j-aimerais-qu-il-demissionne-jerome-powell-le-patron-de-la-fed-devenu-souffre-douleur-de-donald-trump-20250702\" data-fig-type=\"Article\" data-gtm-custom-categorie=\"navigation\" data-gtm-custom-action=\"crossclick\" data-gtm-custom-label=\"Contextuel\" data-gtm-event=\"customEventSPE\" data-fig-domain=\"LEFIGARO\" rel=\"nofollow noopener\" target=\"_blank\">\u00abJ\u2019aimerais qu\u2019il d\u00e9missionne\u00bb\u00a0: Jerome Powell, le patron de la Fed devenu souffre-douleur de Donald Trump<br \/>\n    <\/a>\n<\/p>\n<p>\u00abPas au courant\u00bb<\/p>\n<p class=\"fig-paragraph\">\u00abJ\u2019aimerais qu\u2019il baisse les taux d\u2019int\u00e9r\u00eat\u00bb, a encore dit le pr\u00e9sident am\u00e9ricain \u00e0 ses c\u00f4t\u00e9s. Un peu plus tard, pendant un rapide point presse, Donald Trump s&rsquo;est dit convaincu que Jerome Powell \u00abferait ce qu&rsquo;il faut\u00bb, alors que la prochaine r\u00e9union des responsables de la R\u00e9serve f\u00e9d\u00e9rale am\u00e9ricaine (Fed) sur les taux est pr\u00e9vue les 29 et 30 juillet. Le dirigeant r\u00e9publicain a ni\u00e9 toute \u00abtension\u00bb pendant la rencontre et assur\u00e9 qu&rsquo;il n&rsquo;avait pas fait \u00abpression\u00bb pour une d\u00e9mission. \u00abIl devrait avoir baiss\u00e9 les taux d&rsquo;int\u00e9r\u00eat plusieurs fois\u00bb, avait d\u00e9plor\u00e9 mardi Donald Trump, en ajoutant\u00a0: \u00abLes gens n&rsquo;arrivent pas \u00e0 acheter de maison parce que ce gars est un nigaud. Il maintient des taux trop \u00e9lev\u00e9s et il le fait sans doute pour des raisons politiques.\u00bb\u00a0<\/p>\n<p class=\"fig-paragraph\">La banque centrale am\u00e9ricaine, institution ind\u00e9pendante dont les d\u00e9cisions et commentaires ont un impact immense sur les march\u00e9s, a maintenu les taux d&rsquo;int\u00e9r\u00eat stables cette ann\u00e9e. Elle repousse jusqu&rsquo;ici l&rsquo;id\u00e9e d&rsquo;une baisse dans un contexte rendu incertain par l&rsquo;offensive protectionniste mondiale de Donald Trump, qui pourrait faire grimper les prix. Les taux directeurs de la Fed &#8211; qui guident les co\u00fbts d&#8217;emprunt des particuliers et des entreprises &#8211; sont compris entre 4,25% et 4,50% depuis d\u00e9cembre. La Banque centrale europ\u00e9enne, \u00e0 laquelle Donald Trump se r\u00e9f\u00e8re souvent, a, elle, baiss\u00e9 progressivement son taux directeur, pass\u00e9 de 4% en juin 2024 \u00e0 2% aujourd&rsquo;hui.<\/p>\n<p class=\"fig-paragraph\">Le pr\u00e9sident am\u00e9ricain avait reconnu r\u00e9cemment qu&rsquo;il \u00e9tait tr\u00e8s peu probable qu&rsquo;il renvoie le patron de la Fed, en th\u00e9orie inamovible ou presque. Un tel licenciement serait sans pr\u00e9c\u00e9dent, et n\u00e9cessiterait de prouver l&rsquo;existence de fautes graves ou de malversations de la part du tr\u00e8s pond\u00e9r\u00e9 banquier central de 72 ans, dont le mandat s&rsquo;ach\u00e8ve en mai 2026.<\/p>\n<p class=\"fig-paragraph\">Les taux d&rsquo;int\u00e9r\u00eat sont le principal outil des banques centrales pour orienter l&rsquo;\u00e9conomie. Baisser les taux encourage l&rsquo;activit\u00e9, mais peut faire monter les prix. Augmenter les taux permet de lutter contre l&rsquo;inflation, mais peut freiner la croissance.<\/p>\n","protected":false},"excerpt":{"rendered":"Jeudi, le pr\u00e9sident am\u00e9ricain a eu un \u00e9change tendu avec le patron de l\u2019institution, Jerome Powell, \u00e0 qui&hellip;\n","protected":false},"author":2,"featured_media":272493,"comment_status":"","ping_status":"","sticky":false,"template":"","format":"standard","meta":{"footnotes":""},"categories":[6],"tags":[35,75,33,34,7512,1011,27,10797],"class_list":{"0":"post-272492","1":"post","2":"type-post","3":"status-publish","4":"format-standard","5":"has-post-thumbnail","7":"category-economie","8":"tag-business","9":"tag-donald-trump","10":"tag-economie","11":"tag-economy","12":"tag-fed","13":"tag-fr","14":"tag-france","15":"tag-jerome-powell"},"share_on_mastodon":{"url":"https:\/\/pubeurope.com\/@fr\/114913259272757328","error":""},"_links":{"self":[{"href":"https:\/\/www.europesays.com\/fr\/wp-json\/wp\/v2\/posts\/272492","targetHints":{"allow":["GET"]}}],"collection":[{"href":"https:\/\/www.europesays.com\/fr\/wp-json\/wp\/v2\/posts"}],"about":[{"href":"https:\/\/www.europesays.com\/fr\/wp-json\/wp\/v2\/types\/post"}],"author":[{"embeddable":true,"href":"https:\/\/www.europesays.com\/fr\/wp-json\/wp\/v2\/users\/2"}],"replies":[{"embeddable":true,"href":"https:\/\/www.europesays.com\/fr\/wp-json\/wp\/v2\/comments?post=272492"}],"version-history":[{"count":0,"href":"https:\/\/www.europesays.com\/fr\/wp-json\/wp\/v2\/posts\/272492\/revisions"}],"wp:featuredmedia":[{"embeddable":true,"href":"https:\/\/www.europesays.com\/fr\/wp-json\/wp\/v2\/media\/272493"}],"wp:attachment":[{"href":"https:\/\/www.europesays.com\/fr\/wp-json\/wp\/v2\/media?parent=272492"}],"wp:term":[{"taxonomy":"category","embeddable":true,"href":"https:\/\/www.europesays.com\/fr\/wp-json\/wp\/v2\/categories?post=272492"},{"taxonomy":"post_tag","embeddable":true,"href":"https:\/\/www.europesays.com\/fr\/wp-json\/wp\/v2\/tags?post=272492"}],"curies":[{"name":"wp","href":"https:\/\/api.w.org\/{rel}","templated":true}]}}