{"id":272494,"date":"2025-07-25T09:52:13","date_gmt":"2025-07-25T09:52:13","guid":{"rendered":"https:\/\/www.europesays.com\/fr\/272494\/"},"modified":"2025-07-25T09:52:13","modified_gmt":"2025-07-25T09:52:13","slug":"des-discussions-ont-commence-sur-une-possible-rencontre-avec-poutine-annonce-zelensky","status":"publish","type":"post","link":"https:\/\/www.europesays.com\/fr\/272494\/","title":{"rendered":"Des discussions \u00ab\u00a0ont commenc\u00e9\u00a0\u00bb sur une possible rencontre avec Poutine, annonce Zelensky\u2026"},"content":{"rendered":"<p>Des discussions \u00ab\u00a0ont commenc\u00e9\u00a0\u00bb sur une possible rencontre avec Poutine, annonce Zelensky<\/p>\n<p>Une possible rencontre avec le pr\u00e9sident russe Vladimir Poutine a fait l\u2019objet de discussions lors des n\u00e9gociations cette semaine \u00e0 Istanbul entre Moscou et Kiev, a affirm\u00e9 le pr\u00e9sident ukrainien Volodymyr Zelensky dans des d\u00e9clarations diffus\u00e9es ce vendredi.<\/p>\n<p>L\u2019Ukraine a fait d\u2019une telle rencontre, \u00e0 laquelle elle souhaiterait voir participer le pr\u00e9sident am\u00e9ricain Donald Trump, un objectif des n\u00e9gociations pour mettre fin \u00e0 l\u2019invasion russe qui dure depuis plus de trois ans.<\/p>\n<p>Vladimir Poutine de son c\u00f4t\u00e9 a fait savoir qu\u2019il ne serait pr\u00eat \u00e0 cette r\u00e9union au sommet que dans une \u00ab\u00a0phase finale\u00a0\u00bb des n\u00e9gociations, qui restent jusqu\u2019\u00e0 pr\u00e9sent peu fructueuses.<\/p>\n<p>\u00ab\u00a0Nous devons mettre fin \u00e0 cette guerre, ce qui commence probablement par une r\u00e9union des dirigeants\u00a0\u00bb, a d\u00e9clar\u00e9 le pr\u00e9sident ukrainien lors d\u2019une rencontre jeudi avec des journalistes, dont l\u2019AFP. Les n\u00e9gociateurs russes ont \u00ab\u00a0commenc\u00e9 \u00e0 en discuter\u00a0\u00bb avec la partie ukrainienne a-t-il indiqu\u00e9 estimant qu\u2019il s\u2019agissait d\u2019un \u00ab\u00a0progr\u00e8s vers une sorte de format de rencontre\u00a0\u00bb.<\/p>\n<p>L\u2019Ukraine condamne la participation de joueuses russes aux prochains Mondiaux par \u00e9quipe<\/p>\n<p>Les autorit\u00e9s ukrainiennes ont \u00ab\u00a0condamn\u00e9 fermement\u00a0\u00bb jeudi le feu vert donn\u00e9 par la F\u00e9d\u00e9ration internationale d\u2019\u00e9checs (Fide) \u00e0 la participation de joueuses d\u2019\u00e9checs russes aux prochains Championnats du monde f\u00e9minin par \u00e9quipe, cet automne.<\/p>\n<p>\u00ab\u00a0Nous condamnons fermement la d\u00e9cision du conseil de la FIDE d\u2019autoriser l\u2019\u00e9quipe f\u00e9minine de Russie \u00e0 participer au Championnat du monde par \u00e9quipes f\u00e9minines de\u00a02025\u00a0\u00bb, a d\u00e9clar\u00e9 le ministre ukrainien des Sports, Matvy Bidny, sur son compte X. \u00ab\u00a0Cette d\u00e9cision, poursuit-il, est un m\u00e9pris flagrant du fait que les occupants russes ont d\u00e9j\u00e0 tu\u00e9 plus de 600 athl\u00e8tes et entra\u00eeneurs ukrainiens.\u00a0\u00bb<\/p>\n<p>Sous pression, Zelensky promet une nouvelle loi pour restaurer l\u2019ind\u00e9pendance des organes anticorruption<\/p>\n<p>Volodymyr Zelensky a annonc\u00e9 jeudi un nouveau projet de loi visant \u00e0 garantir l\u2019ind\u00e9pendance des structures anticorruption, apr\u00e8s la vive controverse suscit\u00e9e par une r\u00e9cente r\u00e9forme. Celle-ci, vot\u00e9e mardi et imm\u00e9diatement promulgu\u00e9e, place le Bureau national anticorruption (Nabu) et le parquet sp\u00e9cialis\u00e9 anticorruption (SAP) sous l\u2019autorit\u00e9 du procureur g\u00e9n\u00e9ral, lui-m\u00eame nomm\u00e9 par le pr\u00e9sident.<\/p>\n<p>Cette d\u00e9cision a provoqu\u00e9 l\u2019indignation de l\u2019Union europ\u00e9enne, qui craint une atteinte \u00e0 l\u2019autonomie de ces institutions cl\u00e9s pour l\u2019Etat de droit. Le pr\u00e9sident ukrainien a affirm\u00e9 que le nouveau texte vise \u00e0 renforcer les services judiciaires et les prot\u00e9ger de toute influence, notamment russe. Des experts ukrainiens avaient alert\u00e9 sur les risques de blocage du processus d\u2019adh\u00e9sion \u00e0 l\u2019UE et d\u2019un recul du soutien financier international.<\/p>\n<p>Bonjour, et bienvenue sur ce nouveau live<\/p>\n<p>Depuis f\u00e9vrier\u00a02022, la r\u00e9daction de 20 Minutes se mobilise quotidiennement pour vous faire vivre en direct la guerre en Ukraine. Batailles, avanc\u00e9es diplomatiques, bascules g\u00e9opolitiques\u2026 Suivez avec nous l\u2019essentiel du conflit apr\u00e8s une journ\u00e9e de jeudi marqu\u00e9e par de nouveaux bombardements. Plusieurs personnes ont \u00e9t\u00e9 tu\u00e9es ou bless\u00e9es en Ukraine et de nombreux b\u00e2timents ont \u00e9t\u00e9 d\u00e9truits. En repr\u00e9sailles, l&rsquo;arm\u00e9e ukrainienne a envoy\u00e9 des drones vers la Russie, \u00e0 Sotchi, faisant deux morts.<\/p>\n","protected":false},"excerpt":{"rendered":"Des discussions \u00ab\u00a0ont commenc\u00e9\u00a0\u00bb sur une possible rencontre avec Poutine, annonce Zelensky Une possible rencontre avec le pr\u00e9sident&hellip;\n","protected":false},"author":2,"featured_media":272495,"comment_status":"","ping_status":"","sticky":false,"template":"","format":"standard","meta":{"footnotes":""},"categories":[5],"tags":[47,11,4755,1011,27,131,14,4997,74,1916,12,132,135,134,28],"class_list":{"0":"post-272494","1":"post","2":"type-post","3":"status-publish","4":"format-standard","5":"has-post-thumbnail","7":"category-international","8":"tag-actualite","9":"tag-actualites","10":"tag-bombardement","11":"tag-fr","12":"tag-france","13":"tag-guerre-en-ukraine","14":"tag-international","15":"tag-kiev-kyiv","16":"tag-monde","17":"tag-moscou","18":"tag-news","19":"tag-russie","20":"tag-vladimir-poutine","21":"tag-volodymyr-zelensky","22":"tag-world"},"share_on_mastodon":{"url":"https:\/\/pubeurope.com\/@fr\/114913263226793401","error":""},"_links":{"self":[{"href":"https:\/\/www.europesays.com\/fr\/wp-json\/wp\/v2\/posts\/272494","targetHints":{"allow":["GET"]}}],"collection":[{"href":"https:\/\/www.europesays.com\/fr\/wp-json\/wp\/v2\/posts"}],"about":[{"href":"https:\/\/www.europesays.com\/fr\/wp-json\/wp\/v2\/types\/post"}],"author":[{"embeddable":true,"href":"https:\/\/www.europesays.com\/fr\/wp-json\/wp\/v2\/users\/2"}],"replies":[{"embeddable":true,"href":"https:\/\/www.europesays.com\/fr\/wp-json\/wp\/v2\/comments?post=272494"}],"version-history":[{"count":0,"href":"https:\/\/www.europesays.com\/fr\/wp-json\/wp\/v2\/posts\/272494\/revisions"}],"wp:featuredmedia":[{"embeddable":true,"href":"https:\/\/www.europesays.com\/fr\/wp-json\/wp\/v2\/media\/272495"}],"wp:attachment":[{"href":"https:\/\/www.europesays.com\/fr\/wp-json\/wp\/v2\/media?parent=272494"}],"wp:term":[{"taxonomy":"category","embeddable":true,"href":"https:\/\/www.europesays.com\/fr\/wp-json\/wp\/v2\/categories?post=272494"},{"taxonomy":"post_tag","embeddable":true,"href":"https:\/\/www.europesays.com\/fr\/wp-json\/wp\/v2\/tags?post=272494"}],"curies":[{"name":"wp","href":"https:\/\/api.w.org\/{rel}","templated":true}]}}