{"id":272499,"date":"2025-07-25T09:55:09","date_gmt":"2025-07-25T09:55:09","guid":{"rendered":"https:\/\/www.europesays.com\/fr\/272499\/"},"modified":"2025-07-25T09:55:09","modified_gmt":"2025-07-25T09:55:09","slug":"saint-etienne-un-grave-accident-se-produit-dans-cette-rue-un-homme-en-urgence-absolue","status":"publish","type":"post","link":"https:\/\/www.europesays.com\/fr\/272499\/","title":{"rendered":"Saint-\u00c9tienne. Un grave accident se produit dans cette rue, un homme en urgence absolue"},"content":{"rendered":"<p>            Par<br \/>\n        <strong><br \/>\n            <a href=\"https:\/\/actu.fr\/auteur\/julien-sournies\" title=\"Consulter tous les articles de Julien Sournies\" rel=\"nofollow noopener\" target=\"_blank\">Julien Sournies<\/a><br \/>\n        <\/strong><\/p>\n<p>        Publi\u00e9 le<\/p>\n<p>            25 juil. 2025 \u00e0 9h40<br \/>\n        ; mis \u00e0 jour le 25 juil. 2025 \u00e0 9h42    <\/p>\n<p>Les secours sont intervenus en urgence ce jeudi 24 juillet 2025 \u00e0 <a href=\"https:\/\/actu.fr\/auvergne-rhone-alpes\/saint-etienne_42218\" rel=\"nofollow noopener\" target=\"_blank\">Saint-\u00c9tienne<\/a>. Aux alentours de 19 heures, un<strong> grave accident de la circulation<\/strong> impliquant une voiture et une moto s\u2019est produit dans la rue Jean-Rostand, informent les sapeurs-pompiers de la <a href=\"https:\/\/actu.fr\/auvergne-rhone-alpes\/loire_42\" rel=\"nofollow noopener\" target=\"_blank\">Loire<\/a>.<\/p>\n<p>Le motard dans un \u00e9tat critique<\/p>\n<p class=\" wall-content\">\u00c0 leur arriv\u00e9e, les secours, compos\u00e9s notamment d\u2019une ambulance et d\u2019un v\u00e9hicule infirmier, ont trouv\u00e9 le conducteur du deux-roues dans un \u00e9tat critique.<\/p>\n<p>    <a href=\"https:\/\/www.google.com\/maps\/embed?pb=!1m18!1m12!1m3!1d2798.6161470064953!2d4.416002574797032!3d45.457390733895075!2m3!1f0!2f0!3f0!3m2!1i1024!2i768!4f13.1!3m3!1m2!1s0x47f5abea82986891%3A0x9818a537a7d81242!2sRue%20Jean%20Rostand%2C%2042000%20Saint-%C3%89tienne!5e0!3m2!1sfr!2sfr!4v1753428593799!5m2!1sfr!2sfr\" title=\"Ouvrie le lien\" rel=\"nofollow noopener\" target=\"_blank\">Cliquez ici pour visualiser le contenu<\/a><\/p>\n<p class=\" wall-content\">Il a, de fait, \u00e9t\u00e9 transport\u00e9 en <strong>urgence absolue<\/strong> aux urgences de l\u2019h\u00f4pital Nord de Saint-\u00c9tienne. L\u2019automobiliste, lui, s\u2019est sorti indemne de la collision.<\/p>\n<p class=\" wall-content\">\u00c0 noter que pas moins de 15 sapeurs-pompiers ont \u00e9t\u00e9 mobilis\u00e9s lors de cette intervention.<\/p>\n<p class=\" wall-content\">Suivez toute l\u2019actualit\u00e9 de vos villes et m\u00e9dias favoris en vous inscrivant \u00e0 <a href=\"https:\/\/moncompte.actu.fr\" title=\"D\u00e9couvez Mon Actu\" rel=\"nofollow noopener\" data-trk=\"{&quot;cta&quot;:{&quot;action&quot;:&quot;https:\\\/\\\/moncompte.actu.fr&quot;,&quot;category&quot;:&quot;mon compte&quot;,&quot;from&quot;:&quot;article footer&quot;,&quot;name&quot;:&quot;Mon actu&quot;,&quot;type&quot;:&quot;cta&quot;}}\" target=\"_blank\">Mon Actu<\/a>.<\/p>\n","protected":false},"excerpt":{"rendered":"Par Julien Sournies Publi\u00e9 le 25 juil. 2025 \u00e0 9h40 ; mis \u00e0 jour le 25 juil. 2025&hellip;\n","protected":false},"author":2,"featured_media":265067,"comment_status":"","ping_status":"","sticky":false,"template":"","format":"standard","meta":{"footnotes":""},"categories":[9653],"tags":[119,1111,11,2430,3542,1777,674,118,1011,27,12,1311,25,4001],"class_list":{"0":"post-272499","1":"post","2":"type-post","3":"status-publish","4":"format-standard","5":"has-post-thumbnail","7":"category-saint-etienne","8":"tag-accident","9":"tag-actu","10":"tag-actualites","11":"tag-auvergne-rhone-alpes","12":"tag-circulation","13":"tag-eu","14":"tag-europe","15":"tag-faits-divers","16":"tag-fr","17":"tag-france","18":"tag-news","19":"tag-pompiers","20":"tag-republique-francaise","21":"tag-saint-etienne"},"share_on_mastodon":{"url":"https:\/\/pubeurope.com\/@fr\/114913275040298016","error":""},"_links":{"self":[{"href":"https:\/\/www.europesays.com\/fr\/wp-json\/wp\/v2\/posts\/272499","targetHints":{"allow":["GET"]}}],"collection":[{"href":"https:\/\/www.europesays.com\/fr\/wp-json\/wp\/v2\/posts"}],"about":[{"href":"https:\/\/www.europesays.com\/fr\/wp-json\/wp\/v2\/types\/post"}],"author":[{"embeddable":true,"href":"https:\/\/www.europesays.com\/fr\/wp-json\/wp\/v2\/users\/2"}],"replies":[{"embeddable":true,"href":"https:\/\/www.europesays.com\/fr\/wp-json\/wp\/v2\/comments?post=272499"}],"version-history":[{"count":0,"href":"https:\/\/www.europesays.com\/fr\/wp-json\/wp\/v2\/posts\/272499\/revisions"}],"wp:featuredmedia":[{"embeddable":true,"href":"https:\/\/www.europesays.com\/fr\/wp-json\/wp\/v2\/media\/265067"}],"wp:attachment":[{"href":"https:\/\/www.europesays.com\/fr\/wp-json\/wp\/v2\/media?parent=272499"}],"wp:term":[{"taxonomy":"category","embeddable":true,"href":"https:\/\/www.europesays.com\/fr\/wp-json\/wp\/v2\/categories?post=272499"},{"taxonomy":"post_tag","embeddable":true,"href":"https:\/\/www.europesays.com\/fr\/wp-json\/wp\/v2\/tags?post=272499"}],"curies":[{"name":"wp","href":"https:\/\/api.w.org\/{rel}","templated":true}]}}