{"id":272502,"date":"2025-07-25T09:57:11","date_gmt":"2025-07-25T09:57:11","guid":{"rendered":"https:\/\/www.europesays.com\/fr\/272502\/"},"modified":"2025-07-25T09:57:11","modified_gmt":"2025-07-25T09:57:11","slug":"12-suspects-mis-en-examen","status":"publish","type":"post","link":"https:\/\/www.europesays.com\/fr\/272502\/","title":{"rendered":"12 suspects mis en examen"},"content":{"rendered":"<p>Douze personnes suspect\u00e9es d\u2019\u00eatre impliqu\u00e9es dans des actions violentes visant des personnels de la maison d\u2019arr\u00eat de Nancy ces derniers mois, ont \u00e9t\u00e9 mises en examen, indique dans un communiqu\u00e9, la Juridiction interr\u00e9gionale sp\u00e9cialis\u00e9e (JIRS) de Nancy.<\/p>\n<p>D\u00e8s le mois d\u2019avril, plusieurs incendies ou tentatives d\u2019agressions graves \u00e9taient commis dans le secteur de Nancy, aux domiciles ou aux abords de domiciles d\u2019 <a href=\"https:\/\/www.estrepublicain.fr\/faits-divers-justice\/2025\/05\/26\/voiture-en-feu-devant-une-maison-le-domicile-d-un-agent-penitentiaire-vise\" target=\"_blank\" rel=\"noopener\">agents p\u00e9nitentiaires, \u00e0 Essey-l\u00e8s-Nancy<\/a>,\u00a0Villey-Saint-\u00c9tienne ou encore \u00e0 Villers-l\u00e8s-Nancy.<\/p>\n<p>\u00ab\u00a0Ces actions violentes visaient \u00e0 exercer des <a href=\"https:\/\/www.estrepublicain.fr\/societe\/2025\/05\/26\/une-maison-ravagee-par-les-flammes-la-piste-criminelle-evoquee\" target=\"_blank\" rel=\"noopener\">pressions sur le personnel de la maison d\u2019arr\u00eat<\/a> \u00a0\u00bb, indique la JIRS. L\u2019enqu\u00eate, men\u00e9e par les forces de l\u2019ordre sous l\u2019autorit\u00e9 de la JIRS, \u00ab\u00a0permettait de mettre rapidement en \u00e9vidence les agissements d\u2019une bande structur\u00e9e\u00a0\u00bb.<\/p>\n<p>  Originaires de Moselle et de la r\u00e9gion parisienne<\/p>\n<p>Plusieurs individus \u00ab\u00a0\u00e2g\u00e9s de 18 \u00e0 26 ans, originaires de la r\u00e9gion parisienne ou des d\u00e9partements du Nord et de la Moselle, \u00e9taient mis en cause pour s\u2019\u00eatre rendus dans le secteur de Nancy afin de commettre des incendies ou des agressions physiques\u00a0\u00bb au pr\u00e9judice des agents.<\/p>\n<p>\u00ab\u00a0Selon les instructions des commanditaires, les ex\u00e9cutants se mettaient en attente en vue d\u2019agresser\u00a0\u00bb leurs cibles \u00ab\u00a0ou commettaient des destructions ou d\u00e9gradations par incendie sur les habitations\u00a0\u00bb. Certains suspects, d\u00e9j\u00e0 incarc\u00e9r\u00e9s, parvenaient n\u00e9anmoins \u00e0 donner leurs ordres \u00e0 leurs petites mains, depuis le fond de leur cellule. Moyennant r\u00e9tribution.<\/p>\n<p>Des agents qui quittaient la maison d\u2019arr\u00eat en voiture apr\u00e8s leur service, avaient \u00e9galement \u00e9t\u00e9 victimes d\u2019intimidation dans le quartier du Haut-du-Li\u00e8vre de la part d\u2019individus \u00e0 bord de v\u00e9hicules de location immatricul\u00e9s \u00e0 l\u2019\u00e9tranger. Sur le parking de la prison, la voiture d\u2019un personnel avait \u00e9t\u00e9 incendi\u00e9e.<\/p>\n<p>Sur les 12 personnes mises en examen, neuf ont \u00e9t\u00e9 plac\u00e9es en d\u00e9tention provisoire et trois sous contr\u00f4le judiciaire, pr\u00e9cise la JIRS.<\/p>\n","protected":false},"excerpt":{"rendered":"Douze personnes suspect\u00e9es d\u2019\u00eatre impliqu\u00e9es dans des actions violentes visant des personnels de la maison d\u2019arr\u00eat de Nancy&hellip;\n","protected":false},"author":2,"featured_media":272503,"comment_status":"","ping_status":"","sticky":false,"template":"","format":"standard","meta":{"footnotes":""},"categories":[9635],"tags":[1111,11,271,272,1704,1705,1777,674,274,1011,27,775,1310,3457,1702,1703,12,3456,25,10261,19671],"class_list":{"0":"post-272502","1":"post","2":"type-post","3":"status-publish","4":"format-standard","5":"has-post-thumbnail","7":"category-nancy","8":"tag-actu","9":"tag-actualites","10":"tag-crime","11":"tag-delit-et-contravention","12":"tag-edition-nancy-et-agglomeration","13":"tag-edition-toul","14":"tag-eu","15":"tag-europe","16":"tag-faits-divers-justice","17":"tag-fr","18":"tag-france","19":"tag-grand-est","20":"tag-incendie","21":"tag-meurthe-et-moselle","22":"tag-nancy","23":"tag-nancy-ville-54b","24":"tag-news","25":"tag-region-lorraine","26":"tag-republique-francaise","27":"tag-villers-les-nancy","28":"tag-villey-saint-etienne"},"share_on_mastodon":{"url":"https:\/\/pubeurope.com\/@fr\/114913282960635358","error":""},"_links":{"self":[{"href":"https:\/\/www.europesays.com\/fr\/wp-json\/wp\/v2\/posts\/272502","targetHints":{"allow":["GET"]}}],"collection":[{"href":"https:\/\/www.europesays.com\/fr\/wp-json\/wp\/v2\/posts"}],"about":[{"href":"https:\/\/www.europesays.com\/fr\/wp-json\/wp\/v2\/types\/post"}],"author":[{"embeddable":true,"href":"https:\/\/www.europesays.com\/fr\/wp-json\/wp\/v2\/users\/2"}],"replies":[{"embeddable":true,"href":"https:\/\/www.europesays.com\/fr\/wp-json\/wp\/v2\/comments?post=272502"}],"version-history":[{"count":0,"href":"https:\/\/www.europesays.com\/fr\/wp-json\/wp\/v2\/posts\/272502\/revisions"}],"wp:featuredmedia":[{"embeddable":true,"href":"https:\/\/www.europesays.com\/fr\/wp-json\/wp\/v2\/media\/272503"}],"wp:attachment":[{"href":"https:\/\/www.europesays.com\/fr\/wp-json\/wp\/v2\/media?parent=272502"}],"wp:term":[{"taxonomy":"category","embeddable":true,"href":"https:\/\/www.europesays.com\/fr\/wp-json\/wp\/v2\/categories?post=272502"},{"taxonomy":"post_tag","embeddable":true,"href":"https:\/\/www.europesays.com\/fr\/wp-json\/wp\/v2\/tags?post=272502"}],"curies":[{"name":"wp","href":"https:\/\/api.w.org\/{rel}","templated":true}]}}