{"id":272508,"date":"2025-07-25T10:03:19","date_gmt":"2025-07-25T10:03:19","guid":{"rendered":"https:\/\/www.europesays.com\/fr\/272508\/"},"modified":"2025-07-25T10:03:19","modified_gmt":"2025-07-25T10:03:19","slug":"colette-la-premiere-paillote-facon-bouchon-lyonnais","status":"publish","type":"post","link":"https:\/\/www.europesays.com\/fr\/272508\/","title":{"rendered":"Colette, la premi\u00e8re paillote fa\u00e7on bouchon lyonnais"},"content":{"rendered":"<p>            Par<br \/>\n        <strong><br \/>\n            <a href=\"https:\/\/actu.fr\/auteur\/manon-haddouche\" title=\"Consulter tous les articles de Manon Haddouche\" rel=\"nofollow noopener\" target=\"_blank\">Manon Haddouche<\/a><br \/>\n        <\/strong><\/p>\n<p>        Publi\u00e9 le<\/p>\n<p>            25 juil. 2025 \u00e0 11h38        <\/p>\n<p>Ni tapas, ni poke bowls, ni DJ set \u00e9lectro\u2026 Une nouvelle adresse bouscule les habitudes estivales. Son nom : <strong>Colette<\/strong>. Ici, on d\u00e9guste saucisse-lentilles, \u0153ufs mimosa et poireau vinaigrette les pieds dans le sable, en \u00e9coutant Montand, Piaf ou Brassens. Unique en son genre, cette plage pas comme les autres promet <strong>un \u00e9t\u00e9 tricolore<\/strong>, dans l\u2019assiette comme dans les oreilles.<\/p>\n<p>Un bouchon en bord de mer\u2026<\/p>\n<p class=\" wall-content\">\u00c0 l\u2019origine de ce <strong>concept in\u00e9dit en France<\/strong>, Jo\u00ebl Ortiz et son fils Lucas, d\u00e9j\u00e0 bien connus \u00e0 La Grande-Motte pour <strong>La Voile Bleue<\/strong>, leur paillote embl\u00e9matique situ\u00e9e juste \u00e0 c\u00f4t\u00e9. Cette fois, ils osent une <strong>ambiance de bouchon lyonnais<\/strong> en mode bord de mer : plats g\u00e9n\u00e9reux, vins rigoureusement s\u00e9lectionn\u00e9s et cocktails inspir\u00e9s de vieilles recettes fran\u00e7aises revisit\u00e9es, le tout, \u00e0 <strong>prix doux<\/strong>. L\u2019ambiance, elle, se veut populaire, joyeusement r\u00e9tro, avec une d\u00e9co 70\u2019s assum\u00e9e. Et c\u00f4t\u00e9 musique, la r\u00e8gle est simple :<strong> que du fran\u00e7ais<\/strong>, des ann\u00e9es 60 \u00e0 80.<\/p>\n<p>    <img   decoding=\"async\" loading=\"lazy\" src=\"https:\/\/www.europesays.com\/fr\/wp-content\/uploads\/2025\/07\/dsc-6217-960x640.jpg\" alt=\"Derri\u00e8re cette nouvelle adresse, une belle histoire... \" width=\"960\" height=\"640\"\/><br \/>\n    Derri\u00e8re cette nouvelle adresse, une belle histoire\u2026 (\u00a9Mana Agency)\u2026pour un lieu en hommage<\/p>\n<p class=\" wall-content\">Ce projet singulier porte une <strong>charge affective<\/strong> : Colette est le pr\u00e9nom de la m\u00e8re de Jo\u00ebl Ortiz. Une mani\u00e8re de lui rendre hommage \u00e0 travers un lieu vraiment chaleureux. Pour ce faire, l\u2019\u00e9quipe a soign\u00e9 chaque d\u00e9tail : balances d\u2019\u00e9picerie d\u2019\u00e9poque, vinyles, objets chin\u00e9s\u2026 jusqu\u2019\u00e0 une voiture vintage gar\u00e9e en salle.\u00a0<\/p>\n<p>    <a href=\"https:\/\/www.google.com\/maps\/embed?pb=!1m18!1m12!1m3!1d3087.179647347637!2d4.076100576383359!3d43.556395871106865!2m3!1f0!2f0!3f0!3m2!1i1024!2i768!4f13.1!3m3!1m2!1s0x12b6970654fbe875%3A0xfdf9cfa35a318669!2sChez%20Colette%20Plage!5e1!3m2!1sfr!2sfr!4v1753087493299!5m2!1sfr!2sfr\" title=\"Ouvrie le lien\" rel=\"nofollow noopener\" target=\"_blank\">Cliquez ici pour visualiser le contenu<\/a><\/p>\n<p>Vid\u00e9os : en ce moment sur Actu<strong>&gt; <\/strong>Pour en savoir plus, <a href=\"https:\/\/www.instagram.com\/chez.colette.plage\/\" rel=\"nofollow noopener\" target=\"_blank\">c\u2019est par l\u00e0<\/a>.\u00a0<\/p>\n<p class=\" wall-content\">Suivez toute l\u2019actualit\u00e9 de vos villes et m\u00e9dias favoris en vous inscrivant \u00e0 <a href=\"https:\/\/moncompte.actu.fr\" title=\"D\u00e9couvez Mon Actu\" rel=\"nofollow noopener\" data-trk=\"{&quot;cta&quot;:{&quot;action&quot;:&quot;https:\\\/\\\/moncompte.actu.fr&quot;,&quot;category&quot;:&quot;mon compte&quot;,&quot;from&quot;:&quot;article footer&quot;,&quot;name&quot;:&quot;Mon actu&quot;,&quot;type&quot;:&quot;cta&quot;}}\" target=\"_blank\">Mon Actu<\/a>.<\/p>\n<p>                    <script async src=\"\/\/www.instagram.com\/embed.js\"><\/script><\/p>\n","protected":false},"excerpt":{"rendered":"Par Manon Haddouche Publi\u00e9 le 25 juil. 2025 \u00e0 11h38 Ni tapas, ni poke bowls, ni DJ set&hellip;\n","protected":false},"author":2,"featured_media":272509,"comment_status":"","ping_status":"","sticky":false,"template":"","format":"standard","meta":{"footnotes":""},"categories":[9599],"tags":[1111,11,1777,674,1011,27,1305,2208,12,2680,25],"class_list":{"0":"post-272508","1":"post","2":"type-post","3":"status-publish","4":"format-standard","5":"has-post-thumbnail","7":"category-montpellier","8":"tag-actu","9":"tag-actualites","10":"tag-eu","11":"tag-europe","12":"tag-fr","13":"tag-france","14":"tag-lifestyle","15":"tag-montpellier","16":"tag-news","17":"tag-occitanie","18":"tag-republique-francaise"},"share_on_mastodon":{"url":"https:\/\/pubeurope.com\/@fr\/114913306565494334","error":""},"_links":{"self":[{"href":"https:\/\/www.europesays.com\/fr\/wp-json\/wp\/v2\/posts\/272508","targetHints":{"allow":["GET"]}}],"collection":[{"href":"https:\/\/www.europesays.com\/fr\/wp-json\/wp\/v2\/posts"}],"about":[{"href":"https:\/\/www.europesays.com\/fr\/wp-json\/wp\/v2\/types\/post"}],"author":[{"embeddable":true,"href":"https:\/\/www.europesays.com\/fr\/wp-json\/wp\/v2\/users\/2"}],"replies":[{"embeddable":true,"href":"https:\/\/www.europesays.com\/fr\/wp-json\/wp\/v2\/comments?post=272508"}],"version-history":[{"count":0,"href":"https:\/\/www.europesays.com\/fr\/wp-json\/wp\/v2\/posts\/272508\/revisions"}],"wp:featuredmedia":[{"embeddable":true,"href":"https:\/\/www.europesays.com\/fr\/wp-json\/wp\/v2\/media\/272509"}],"wp:attachment":[{"href":"https:\/\/www.europesays.com\/fr\/wp-json\/wp\/v2\/media?parent=272508"}],"wp:term":[{"taxonomy":"category","embeddable":true,"href":"https:\/\/www.europesays.com\/fr\/wp-json\/wp\/v2\/categories?post=272508"},{"taxonomy":"post_tag","embeddable":true,"href":"https:\/\/www.europesays.com\/fr\/wp-json\/wp\/v2\/tags?post=272508"}],"curies":[{"name":"wp","href":"https:\/\/api.w.org\/{rel}","templated":true}]}}