{"id":272510,"date":"2025-07-25T10:04:09","date_gmt":"2025-07-25T10:04:09","guid":{"rendered":"https:\/\/www.europesays.com\/fr\/272510\/"},"modified":"2025-07-25T10:04:09","modified_gmt":"2025-07-25T10:04:09","slug":"pres-de-rouen-les-jeunes-voleurs-pris-en-flagrant-delit-de-cambriolage-trouvent-une-excuse-bancale","status":"publish","type":"post","link":"https:\/\/www.europesays.com\/fr\/272510\/","title":{"rendered":"Pr\u00e8s de Rouen. Les jeunes voleurs pris en flagrant d\u00e9lit de cambriolage trouvent une excuse bancale"},"content":{"rendered":"<p>            Par<br \/>\n        <strong><br \/>\n            <a href=\"https:\/\/actu.fr\/auteur\/adrien-filoche\" title=\"Consulter tous les articles de Adrien Filoche\" rel=\"nofollow noopener\" target=\"_blank\">Adrien Filoche<\/a><br \/>\n        <\/strong><\/p>\n<p>        Publi\u00e9 le<\/p>\n<p>            25 juil. 2025 \u00e0 11h37        <\/p>\n<p>Le soleil n\u2019\u00e9tait pas encore lev\u00e9 le vendredi 25\u00a0juillet 2025 lorsque des policiers ont \u00e9t\u00e9 alert\u00e9s d\u2019un <strong>cambriolage<\/strong> en cours \u00e0 <a href=\"https:\/\/actu.fr\/normandie\/bois-guillaume_76108\" rel=\"nofollow noopener\" target=\"_blank\">Bois-Guillaume (Seine-Maritime)<\/a>, pr\u00e8s de <a href=\"https:\/\/actu.fr\/normandie\/rouen_76540\" rel=\"nofollow noopener\" target=\"_blank\">Rouen<\/a>. Deux jeunes individus ont \u00e9t\u00e9<strong> surpris en flagrant d\u00e9lit.<\/strong><\/p>\n<p>En train de voler des v\u00e9los<\/p>\n<p class=\" wall-content\">Il est environ 5h30 lorsque les policiers arrivent sur place, devant une habitation le long du chemin de Cl\u00e8res. Ils constatent que le volet roulant du garage est pli\u00e9 et entrouvert. Deux v\u00e9los sont sortis hors du garage.<\/p>\n<p class=\" wall-content\">Les agents s\u2019annoncent, et un individu \u00e2g\u00e9 de 18\u00a0ans sort du garage \u00e0 peine entrouvert, un gain \u00e0 la main. Son comparse vient \u00e0 son tour \u00e0 la rencontre des policiers, il est \u00e2g\u00e9 de 16\u00a0ans. <strong>Une pioche est retrouv\u00e9e sur place.<\/strong><\/p>\n<p class=\" wall-content\">Le mis en cause de 18 ans, alcoolis\u00e9, explique aux policiers qu\u2019il \u00ab\u2009cherchait un toit pour dormir\u2009\u00bb, comme le relate une source judiciaire.<\/p>\n<p class=\" wall-content\">Les deux voleurs en herbe sont ramen\u00e9s \u00e0 l\u2019h\u00f4tel de police et plac\u00e9s en garde \u00e0 vue.<\/p>\n<p>Suivez l\u2019actualit\u00e9 de Rouen sur <a href=\"https:\/\/www.whatsapp.com\/channel\/0029VaKfnf99hXF2ddApFB1D\" rel=\"nofollow noopener\" target=\"_blank\">notre cha\u00eene WhatsApp<\/a> et sur <a href=\"https:\/\/www.tiktok.com\/@76actu.fr?lang=fr\" rel=\"nofollow noopener\" target=\"_blank\">notre compte TikTok<\/a><\/p>\n<p class=\" wall-content\">Suivez toute l\u2019actualit\u00e9 de vos villes et m\u00e9dias favoris en vous inscrivant \u00e0 <a href=\"https:\/\/moncompte.actu.fr\" title=\"D\u00e9couvez Mon Actu\" rel=\"nofollow noopener\" data-trk=\"{&quot;cta&quot;:{&quot;action&quot;:&quot;https:\\\/\\\/moncompte.actu.fr&quot;,&quot;category&quot;:&quot;mon compte&quot;,&quot;from&quot;:&quot;article footer&quot;,&quot;name&quot;:&quot;Mon actu&quot;,&quot;type&quot;:&quot;cta&quot;}}\" target=\"_blank\">Mon Actu<\/a>.<\/p>\n<p>                    <script async src=\"\/\/www.tiktok.com\/embed.js\"><\/script><\/p>\n","protected":false},"excerpt":{"rendered":"Par Adrien Filoche Publi\u00e9 le 25 juil. 2025 \u00e0 11h37 Le soleil n\u2019\u00e9tait pas encore lev\u00e9 le vendredi&hellip;\n","protected":false},"author":2,"featured_media":272511,"comment_status":"","ping_status":"","sticky":false,"template":"","format":"standard","meta":{"footnotes":""},"categories":[9587],"tags":[1111,11,1174,1777,674,118,1011,27,12,5161,1072,25,9590],"class_list":{"0":"post-272510","1":"post","2":"type-post","3":"status-publish","4":"format-standard","5":"has-post-thumbnail","7":"category-rouen","8":"tag-actu","9":"tag-actualites","10":"tag-cambriolage","11":"tag-eu","12":"tag-europe","13":"tag-faits-divers","14":"tag-fr","15":"tag-france","16":"tag-news","17":"tag-normandie","18":"tag-police","19":"tag-republique-francaise","20":"tag-rouen"},"share_on_mastodon":{"url":"https:\/\/pubeurope.com\/@fr\/114913310316014575","error":""},"_links":{"self":[{"href":"https:\/\/www.europesays.com\/fr\/wp-json\/wp\/v2\/posts\/272510","targetHints":{"allow":["GET"]}}],"collection":[{"href":"https:\/\/www.europesays.com\/fr\/wp-json\/wp\/v2\/posts"}],"about":[{"href":"https:\/\/www.europesays.com\/fr\/wp-json\/wp\/v2\/types\/post"}],"author":[{"embeddable":true,"href":"https:\/\/www.europesays.com\/fr\/wp-json\/wp\/v2\/users\/2"}],"replies":[{"embeddable":true,"href":"https:\/\/www.europesays.com\/fr\/wp-json\/wp\/v2\/comments?post=272510"}],"version-history":[{"count":0,"href":"https:\/\/www.europesays.com\/fr\/wp-json\/wp\/v2\/posts\/272510\/revisions"}],"wp:featuredmedia":[{"embeddable":true,"href":"https:\/\/www.europesays.com\/fr\/wp-json\/wp\/v2\/media\/272511"}],"wp:attachment":[{"href":"https:\/\/www.europesays.com\/fr\/wp-json\/wp\/v2\/media?parent=272510"}],"wp:term":[{"taxonomy":"category","embeddable":true,"href":"https:\/\/www.europesays.com\/fr\/wp-json\/wp\/v2\/categories?post=272510"},{"taxonomy":"post_tag","embeddable":true,"href":"https:\/\/www.europesays.com\/fr\/wp-json\/wp\/v2\/tags?post=272510"}],"curies":[{"name":"wp","href":"https:\/\/api.w.org\/{rel}","templated":true}]}}