{"id":272512,"date":"2025-07-25T10:06:21","date_gmt":"2025-07-25T10:06:21","guid":{"rendered":"https:\/\/www.europesays.com\/fr\/272512\/"},"modified":"2025-07-25T10:06:21","modified_gmt":"2025-07-25T10:06:21","slug":"en-direct-huitieme-recrue-pour-caen-le-fc-rouen-signe-un-ailier-suivez-le-mercato-du-national-en-direct","status":"publish","type":"post","link":"https:\/\/www.europesays.com\/fr\/272512\/","title":{"rendered":"En direct. Huiti\u00e8me recrue pour Caen, le FC Rouen signe un ailier&#8230; suivez le mercato du National en direct"},"content":{"rendered":"<p>Apr\u00e8s plusieurs d\u00e9parts, l&rsquo;US Boulogne commence \u00e0 officialiser ses recrutements, avec l&rsquo;officialisation ce vendredi\u00a0de l&rsquo;arriv\u00e9e Exauc\u00e9 Mpembele, attaquant de 22 ans form\u00e9 \u00e0 Lille et auteur de 20 buts avec la r\u00e9serve du FC Lorient en N3 cette saison.\u00a0Nolan Binet et Amine El Farissi arrivent aussi en renfort<\/p>\n<p>Ce contenu est bloqu\u00e9 car vous n&rsquo;avez pas accept\u00e9 les cookies et autres traceurs.<\/p>\n<p>En cliquant sur \u00ab J\u2019accepte \u00bb, les cookies et autres traceurs seront d\u00e9pos\u00e9s et vous pourrez visualiser les contenus  (<a href=\"\" class=\"consentModule_policy\" target=\"_blank\" title=\"Consulter la politique de protection des donn\u00e9es du fournisseur\">plus d&rsquo;informations<\/a>).<\/p>\n<p>En cliquant sur \u00ab J\u2019accepte tous les cookies \u00bb, vous autorisez des d\u00e9p\u00f4ts de cookies et autres traceurs pour le stockage de vos donn\u00e9es sur nos sites et applications \u00e0 des fins de personnalisation et de ciblage publicitaire.<\/p>\n<p class=\"consentModule_secondaryText\">Vous gardez la possibilit\u00e9 de retirer votre consentement \u00e0 tout moment en consultant notre <a href=\"https:\/\/www.estrepublicain.fr\/protection-des-donnees\" target=\"_blank\" title=\"Consulter notre politique de protection des donn\u00e9es\" rel=\"noopener\">politique de protection des donn\u00e9es<\/a>. <br \/>&#13;<br \/>\n            <a href=\"https:\/\/www.estrepublicain.fr\/sport\/2025\/06\/09\/javascript:Didomi.notice.show()\" class=\"consentModule_cmp\" target=\"_blank\" rel=\"noopener\">G\u00e9rer mes choix<\/a>&#13;\n        <\/p>\n<p>&#13;<br \/>\n                        J&rsquo;accepte&#13;<br \/>\n            J&rsquo;accepte tous les cookies&#13;\n        <\/p>\n<p>Le FC Rouen a lui\u00a0annonc\u00e9\u00a0l\u2019arriv\u00e9e de sa premi\u00e8re recrue estivale, Formose Mendy. \u00ab\u00a0Notre nouveau roc compte d\u00e9j\u00e0 164 matchs en National et apportera son exp\u00e9rience ainsi que son leadership \u00e0 notre \u00e9quipe\u00a0\u00bb, indique le club.<\/p>\n<p>Le milieu offensif de 21 ans Kader Diomand\u00e9 arrive de son c\u00f4t\u00e9 dans le Hainaut, \u00e0 Valenciennes, en provenance du Paris 13 Atletico.\u00a0Vincent Viot (31 ans), ancien meilleur gardien du National, fait lui son retour chez les Thoniers de Concarneau.<\/p>\n<p>Enfin, le championnat perd l&rsquo;un de ses meilleurs buteurs, car Isaac Tshipamba (QRM), auteur de sept buts cette saison, s\u2019est engag\u00e9 en faveur du NK Maribor, vice-champion de Slov\u00e9nie. Le FC Villefranche-Beaujolais attire de son c\u00f4t\u00e9\u00a0Babacar Leye en provenance des Voltigeurs de Ch\u00e2teaubriant (N2), auteur de 24 buts en 50 matchs de N2 depuis deux saisons.<\/p>\n","protected":false},"excerpt":{"rendered":"Apr\u00e8s plusieurs d\u00e9parts, l&rsquo;US Boulogne commence \u00e0 officialiser ses recrutements, avec l&rsquo;officialisation ce vendredi\u00a0de l&rsquo;arriv\u00e9e Exauc\u00e9 Mpembele, attaquant&hellip;\n","protected":false},"author":2,"featured_media":272513,"comment_status":"","ping_status":"","sticky":false,"template":"","format":"standard","meta":{"footnotes":""},"categories":[9587],"tags":[1111,11,22758,10112,3545,8026,1777,674,14186,107,1795,63,1011,27,23100,8027,12,5161,11058,25,9590,14187,517,14185],"class_list":{"0":"post-272512","1":"post","2":"type-post","3":"status-publish","4":"format-standard","5":"has-post-thumbnail","7":"category-rouen","8":"tag-actu","9":"tag-actualites","10":"tag-belfort","11":"tag-besancon","12":"tag-direct-sport","13":"tag-doubs","14":"tag-eu","15":"tag-europe","16":"tag-fc-sochaux-montbeliard","17":"tag-fil-info","18":"tag-fil-web","19":"tag-football","20":"tag-fr","21":"tag-france","22":"tag-mercato-football","23":"tag-montbeliard","24":"tag-news","25":"tag-normandie","26":"tag-region-franche-comte","27":"tag-republique-francaise","28":"tag-rouen","29":"tag-sochaux","30":"tag-sport","31":"tag-sport-franc-comtois"},"share_on_mastodon":{"url":"https:\/\/pubeurope.com\/@fr\/114913318275075982","error":""},"_links":{"self":[{"href":"https:\/\/www.europesays.com\/fr\/wp-json\/wp\/v2\/posts\/272512","targetHints":{"allow":["GET"]}}],"collection":[{"href":"https:\/\/www.europesays.com\/fr\/wp-json\/wp\/v2\/posts"}],"about":[{"href":"https:\/\/www.europesays.com\/fr\/wp-json\/wp\/v2\/types\/post"}],"author":[{"embeddable":true,"href":"https:\/\/www.europesays.com\/fr\/wp-json\/wp\/v2\/users\/2"}],"replies":[{"embeddable":true,"href":"https:\/\/www.europesays.com\/fr\/wp-json\/wp\/v2\/comments?post=272512"}],"version-history":[{"count":0,"href":"https:\/\/www.europesays.com\/fr\/wp-json\/wp\/v2\/posts\/272512\/revisions"}],"wp:featuredmedia":[{"embeddable":true,"href":"https:\/\/www.europesays.com\/fr\/wp-json\/wp\/v2\/media\/272513"}],"wp:attachment":[{"href":"https:\/\/www.europesays.com\/fr\/wp-json\/wp\/v2\/media?parent=272512"}],"wp:term":[{"taxonomy":"category","embeddable":true,"href":"https:\/\/www.europesays.com\/fr\/wp-json\/wp\/v2\/categories?post=272512"},{"taxonomy":"post_tag","embeddable":true,"href":"https:\/\/www.europesays.com\/fr\/wp-json\/wp\/v2\/tags?post=272512"}],"curies":[{"name":"wp","href":"https:\/\/api.w.org\/{rel}","templated":true}]}}