{"id":272514,"date":"2025-07-25T10:07:11","date_gmt":"2025-07-25T10:07:11","guid":{"rendered":"https:\/\/www.europesays.com\/fr\/272514\/"},"modified":"2025-07-25T10:07:11","modified_gmt":"2025-07-25T10:07:11","slug":"pres-de-grenoble-un-an-apres-un-spectaculaire-eboulement-cette-route-est-toujours-inaccessible","status":"publish","type":"post","link":"https:\/\/www.europesays.com\/fr\/272514\/","title":{"rendered":"Pr\u00e8s de Grenoble. Un an apr\u00e8s un spectaculaire \u00e9boulement, cette route est toujours inaccessible"},"content":{"rendered":"<p>            Par<br \/>\n        <strong><br \/>\n            <a href=\"https:\/\/actu.fr\/auteur\/lisa-rodrigues\" title=\"Consulter tous les articles de Lisa Rodrigues\" rel=\"nofollow noopener\" target=\"_blank\">Lisa Rodrigues<\/a><br \/>\n        <\/strong><\/p>\n<p>        Publi\u00e9 le<\/p>\n<p>            25 juil. 2025 \u00e0 11h48        <\/p>\n<p>Il y a un an jour pour jour, le 25 juillet 2024, pr\u00e8s <strong>d\u20191 million de m3 de roches<\/strong> a d\u00e9val\u00e9 la montagne au niveau de la commune de La Rivi\u00e8re \u00e0 l\u2019ouest de <a href=\"https:\/\/actu.fr\/auvergne-rhone-alpes\/grenoble_38185\" rel=\"nofollow noopener\" target=\"_blank\">Grenoble<\/a>, avant de terminer sa course en contrebas sur la <strong>tr\u00e8s emprunt\u00e9e RD1532<\/strong> qui permet de rejoindre la capitale des Alpes. L\u2019\u00e9v\u00e9nement, <a href=\"https:\/\/actu.fr\/auvergne-rhone-alpes\/la-riviere_38338\/enorme-eboulement-en-isere-des-recherches-d-eventuelles-victimes-en-cours-ce-que-l-on-sait_61407288.html\" rel=\"nofollow noopener\" target=\"_blank\">impressionnant<\/a>, ne fait par miracle aucun bless\u00e9.<\/p>\n<p class=\" wall-content\">Depuis, <strong>pas grand-chose n\u2019a boug\u00e9<\/strong>. La route est toujours coup\u00e9e et la zone interdite d\u2019acc\u00e8s sur d\u00e9cision de la pr\u00e9fecture, instaurant un \u00ab\u00a0p\u00e9rim\u00e8tre d\u2019exclusion\u00a0\u00bb. Une mesure de s\u00e9curit\u00e9 puisque, selon les experts, \u00ab\u00a0un volume de l\u2019ordre de 80 000 m3 est encore susceptible de tomber\u00a0\u00bb, rapporte le D\u00e9partement \u00e0 l\u2019\u00e9t\u00e9 2025.<\/p>\n<p>Des \u00e9boulements r\u00e9siduels compliquent les op\u00e9rations<\/p>\n<p class=\" wall-content\">La question de la r\u00e9ouverture de la circulation sur le secteur est pourtant urgemment mise sur la table par les habitants, \u00e9lus locaux et le D\u00e9partement de l\u2019<a href=\"https:\/\/actu.fr\/auvergne-rhone-alpes\/isere_38\" rel=\"nofollow noopener\" target=\"_blank\">Is\u00e8re<\/a>\u00a0d\u00e8s l\u2019\u00e9t\u00e9 2024. La possibilit\u00e9 de refaire la route \u00e0 l\u2019identique est rapidement \u00e9cart\u00e9e. <a href=\"https:\/\/actu.fr\/auvergne-rhone-alpes\/la-riviere_38338\/isere-apres-l-eboulement-spectaculaire-cette-route-va-etre-completement-transformee_62374887.html\" rel=\"nofollow noopener\" target=\"_blank\">Un \u00ab\u00a0nouveau trac\u00e9\u00a0\u00bb de la RD1532<\/a> est ainsi \u00e0 l\u2019\u00e9tude depuis le d\u00e9but de l\u2019ann\u00e9e 2025.<\/p>\n<p class=\" wall-content\">Mais le projet est loin d\u2019\u00eatre facile \u00e0 mettre en place, comme le souligne encore il y a quelques jours le D\u00e9partement. \u00ab\u00a0La situation de cette portion de la RD1532 est complexe, avec, d\u2019un c\u00f4t\u00e9, le lit majeur de la rivi\u00e8re Is\u00e8re et ses risques d\u2019inondation, et de l\u2019autre, la falaise et les risques r\u00e9siduels d\u2019\u00e9boulement.\u00a0\u00bb<\/p>\n<blockquote class=\"ac-article-quote wall-content\">\n<p>Un nouvel \u00e9boulement survenu le 31 mars dernier sur le m\u00eame site (12 000 m3) a permis une mise \u00e0 jour des premi\u00e8res \u00e9tudes et une meilleure \u00e9valuation des zones soumises \u00e0 des risques r\u00e9siduels.<\/p>\n<p>    <strong>D\u00e9partement de l&rsquo;Is\u00e8re<\/strong>\n            <\/p><\/blockquote>\n<p>Encore quelques ann\u00e9es de patience<\/p>\n<p class=\" wall-content\">Le 3 juin 2025, un arr\u00eat\u00e9 est pris par la pr\u00e9fecture de l\u2019Is\u00e8re pour autoriser les experts mandat\u00e9s par le D\u00e9partement \u00e0 se rendre sur des terrains priv\u00e9s touch\u00e9s par l\u2019\u00e9boulement \u00ab\u00a0afin de r\u00e9aliser des reconnaissances g\u00e9otechniques, diverses \u00e9tudes environnementales et des op\u00e9rations topographiques\u00a0\u00bb.<\/p>\n<p class=\" wall-content\">Leur travail doit permettre de rep\u00e9rer les caract\u00e9ristiques des sols pour d\u00e9terminer le meilleur trac\u00e9 possible pour la future RD1532. \u00ab\u00a0Une fois ces \u00e9tudes termin\u00e9es, le D\u00e9partement pourra lancer les \u00e9tudes op\u00e9rationnelles et soumettre ces derni\u00e8res \u00e0 <strong>concertation publique<\/strong>\u00ab\u00a0, ajoute la collectivit\u00e9.\u00a0<\/p>\n<p class=\" wall-content\">D\u00e9but juillet 2025, un avis d\u2019appel \u00e0 concurrence pour un march\u00e9 public de ma\u00eetrise d\u2019\u0153uvre concernant la \u00ab\u00a0reconstruction de la route d\u00e9partementale\u00a0\u00bb a \u00e9t\u00e9 lanc\u00e9, mais le d\u00e9but des travaux de cette nouvelle RD1532 ne devrait pas survenir avant plusieurs ann\u00e9es.<\/p>\n<p class=\" wall-content\">Suivez toute l\u2019actualit\u00e9 de vos villes et m\u00e9dias favoris en vous inscrivant \u00e0 <a href=\"https:\/\/moncompte.actu.fr\" title=\"D\u00e9couvez Mon Actu\" rel=\"nofollow noopener\" data-trk=\"{&quot;cta&quot;:{&quot;action&quot;:&quot;https:\\\/\\\/moncompte.actu.fr&quot;,&quot;category&quot;:&quot;mon compte&quot;,&quot;from&quot;:&quot;article footer&quot;,&quot;name&quot;:&quot;Mon actu&quot;,&quot;type&quot;:&quot;cta&quot;}}\" target=\"_blank\">Mon Actu<\/a>.<\/p>\n<ul class=\"ac-article-tag wall-content\">\n<li><a href=\"https:\/\/actu.fr\/tag\/catastrophe-naturelle\" data-trk=\"{&quot;cta&quot;:{&quot;action&quot;:&quot;Catastrophe naturelle&quot;,&quot;category&quot;:&quot;tag&quot;,&quot;from&quot;:&quot;article footer&quot;,&quot;name&quot;:&quot;Catastrophe naturelle&quot;,&quot;type&quot;:&quot;cta&quot;}}\" rel=\"nofollow noopener\" target=\"_blank\">#Catastrophe naturelle<\/a><\/li>\n<li><a href=\"https:\/\/actu.fr\/tag\/circulation\" data-trk=\"{&quot;cta&quot;:{&quot;action&quot;:&quot;Circulation&quot;,&quot;category&quot;:&quot;tag&quot;,&quot;from&quot;:&quot;article footer&quot;,&quot;name&quot;:&quot;Circulation&quot;,&quot;type&quot;:&quot;cta&quot;}}\" rel=\"nofollow noopener\" target=\"_blank\">#Circulation<\/a><\/li>\n<\/ul>\n","protected":false},"excerpt":{"rendered":"Par Lisa Rodrigues Publi\u00e9 le 25 juil. 2025 \u00e0 11h48 Il y a un an jour pour jour,&hellip;\n","protected":false},"author":2,"featured_media":272515,"comment_status":"","ping_status":"","sticky":false,"template":"","format":"standard","meta":{"footnotes":""},"categories":[9566],"tags":[1111,11,2430,4732,3542,1777,674,1011,27,2731,12,25,104],"class_list":{"0":"post-272514","1":"post","2":"type-post","3":"status-publish","4":"format-standard","5":"has-post-thumbnail","7":"category-grenoble","8":"tag-actu","9":"tag-actualites","10":"tag-auvergne-rhone-alpes","11":"tag-catastrophe-naturelle","12":"tag-circulation","13":"tag-eu","14":"tag-europe","15":"tag-fr","16":"tag-france","17":"tag-grenoble","18":"tag-news","19":"tag-republique-francaise","20":"tag-societe"},"share_on_mastodon":{"url":"https:\/\/pubeurope.com\/@fr\/114913322147033452","error":""},"_links":{"self":[{"href":"https:\/\/www.europesays.com\/fr\/wp-json\/wp\/v2\/posts\/272514","targetHints":{"allow":["GET"]}}],"collection":[{"href":"https:\/\/www.europesays.com\/fr\/wp-json\/wp\/v2\/posts"}],"about":[{"href":"https:\/\/www.europesays.com\/fr\/wp-json\/wp\/v2\/types\/post"}],"author":[{"embeddable":true,"href":"https:\/\/www.europesays.com\/fr\/wp-json\/wp\/v2\/users\/2"}],"replies":[{"embeddable":true,"href":"https:\/\/www.europesays.com\/fr\/wp-json\/wp\/v2\/comments?post=272514"}],"version-history":[{"count":0,"href":"https:\/\/www.europesays.com\/fr\/wp-json\/wp\/v2\/posts\/272514\/revisions"}],"wp:featuredmedia":[{"embeddable":true,"href":"https:\/\/www.europesays.com\/fr\/wp-json\/wp\/v2\/media\/272515"}],"wp:attachment":[{"href":"https:\/\/www.europesays.com\/fr\/wp-json\/wp\/v2\/media?parent=272514"}],"wp:term":[{"taxonomy":"category","embeddable":true,"href":"https:\/\/www.europesays.com\/fr\/wp-json\/wp\/v2\/categories?post=272514"},{"taxonomy":"post_tag","embeddable":true,"href":"https:\/\/www.europesays.com\/fr\/wp-json\/wp\/v2\/tags?post=272514"}],"curies":[{"name":"wp","href":"https:\/\/api.w.org\/{rel}","templated":true}]}}