{"id":272516,"date":"2025-07-25T10:08:11","date_gmt":"2025-07-25T10:08:11","guid":{"rendered":"https:\/\/www.europesays.com\/fr\/272516\/"},"modified":"2025-07-25T10:08:11","modified_gmt":"2025-07-25T10:08:11","slug":"grenoble-un-adolescent-arrete-apres-un-refus-dobtemperer","status":"publish","type":"post","link":"https:\/\/www.europesays.com\/fr\/272516\/","title":{"rendered":"Grenoble. Un adolescent arr\u00eat\u00e9 apr\u00e8s un refus d\u2019obtemp\u00e9rer"},"content":{"rendered":"<p>Un adolescent a \u00e9t\u00e9 interpell\u00e9 dans la nuit de jeudi \u00e0 vendredi apr\u00e8s avoir refus\u00e9 d\u2019obtemp\u00e9rer \u00e0 un contr\u00f4le de police au centre-ville de Grenoble. Les faits se sont produits peu apr\u00e8s 4 heures du matin lorsqu\u2019une patrouille a rep\u00e9r\u00e9 un tr\u00e8s jeune homme au volant d\u2019une voiture et lui a fait signe de stopper. Mais l\u2019automobiliste a acc\u00e9l\u00e9r\u00e9 et a tent\u00e9 de semer les policiers avant d\u2019abandonner le v\u00e9hicule et de prendre la fuite \u00e0 pied. Rattrap\u00e9, le suspect a donc \u00e9t\u00e9 arr\u00eat\u00e9\u00a0: \u00e2g\u00e9 de 16 ans, il n\u2019\u00e9tait \u00e9videmment pas titulaire du permis de conduire et il a \u00e9t\u00e9 plac\u00e9 en garde \u00e0 vue pour refus d\u2019obtemp\u00e9rer et d\u00e9faut de permis de conduire.<\/p>\n","protected":false},"excerpt":{"rendered":"Un adolescent a \u00e9t\u00e9 interpell\u00e9 dans la nuit de jeudi \u00e0 vendredi apr\u00e8s avoir refus\u00e9 d\u2019obtemp\u00e9rer \u00e0 un&hellip;\n","protected":false},"author":2,"featured_media":272517,"comment_status":"","ping_status":"","sticky":false,"template":"","format":"standard","meta":{"footnotes":""},"categories":[9566],"tags":[1111,11,2430,271,272,112,1777,674,274,107,1795,1011,27,2731,2732,108,12,25],"class_list":{"0":"post-272516","1":"post","2":"type-post","3":"status-publish","4":"format-standard","5":"has-post-thumbnail","7":"category-grenoble","8":"tag-actu","9":"tag-actualites","10":"tag-auvergne-rhone-alpes","11":"tag-crime","12":"tag-delit-et-contravention","13":"tag-edition-grenoble-agglomeration","14":"tag-eu","15":"tag-europe","16":"tag-faits-divers-justice","17":"tag-fil-info","18":"tag-fil-web","19":"tag-fr","20":"tag-france","21":"tag-grenoble","22":"tag-grenoble-bassin","23":"tag-isere","24":"tag-news","25":"tag-republique-francaise"},"share_on_mastodon":{"url":"https:\/\/pubeurope.com\/@fr\/114913326074146245","error":""},"_links":{"self":[{"href":"https:\/\/www.europesays.com\/fr\/wp-json\/wp\/v2\/posts\/272516","targetHints":{"allow":["GET"]}}],"collection":[{"href":"https:\/\/www.europesays.com\/fr\/wp-json\/wp\/v2\/posts"}],"about":[{"href":"https:\/\/www.europesays.com\/fr\/wp-json\/wp\/v2\/types\/post"}],"author":[{"embeddable":true,"href":"https:\/\/www.europesays.com\/fr\/wp-json\/wp\/v2\/users\/2"}],"replies":[{"embeddable":true,"href":"https:\/\/www.europesays.com\/fr\/wp-json\/wp\/v2\/comments?post=272516"}],"version-history":[{"count":0,"href":"https:\/\/www.europesays.com\/fr\/wp-json\/wp\/v2\/posts\/272516\/revisions"}],"wp:featuredmedia":[{"embeddable":true,"href":"https:\/\/www.europesays.com\/fr\/wp-json\/wp\/v2\/media\/272517"}],"wp:attachment":[{"href":"https:\/\/www.europesays.com\/fr\/wp-json\/wp\/v2\/media?parent=272516"}],"wp:term":[{"taxonomy":"category","embeddable":true,"href":"https:\/\/www.europesays.com\/fr\/wp-json\/wp\/v2\/categories?post=272516"},{"taxonomy":"post_tag","embeddable":true,"href":"https:\/\/www.europesays.com\/fr\/wp-json\/wp\/v2\/tags?post=272516"}],"curies":[{"name":"wp","href":"https:\/\/api.w.org\/{rel}","templated":true}]}}