{"id":272520,"date":"2025-07-25T10:11:13","date_gmt":"2025-07-25T10:11:13","guid":{"rendered":"https:\/\/www.europesays.com\/fr\/272520\/"},"modified":"2025-07-25T10:11:13","modified_gmt":"2025-07-25T10:11:13","slug":"lignes-fermees-horaires-modifies-a-rennes-les-lignes-a-et-b-du-metro-perturbees-pendant-lete","status":"publish","type":"post","link":"https:\/\/www.europesays.com\/fr\/272520\/","title":{"rendered":"Lignes ferm\u00e9es, horaires modifi\u00e9s\u00a0: \u00e0 Rennes, les lignes A et B du m\u00e9tro perturb\u00e9es pendant l\u2019\u00e9t\u00e9"},"content":{"rendered":"<p>Cet \u00e9t\u00e9, les habitu\u00e9s des lignes A et B du m\u00e9tro vont devoir \u00eatre particuli\u00e8rement attentifs aux horaires d\u2019ouverture. Jusqu\u2019au dimanche 31 ao\u00fbt, le r\u00e9seau Star fonctionne en horaires d\u2019\u00e9t\u00e9. Mais surtout, des travaux de maintenance sont pr\u00e9vus. \u00ab Les lignes A et B seront perturb\u00e9es certains week-ends en juillet et en ao\u00fbt \u00bb, annonce Keolis, gestionnaire du r\u00e9seau de transports urbains de Rennes M\u00e9tropole.<\/p>\n<p>Fermeture de la ligne B le 3 ao\u00fbt, de la ligne A le 9 ao\u00fbt<\/p>\n<p>Ce samedi 26 juillet, la ligne A du m\u00e9tro fermera ainsi \u00e0 23 h. Dimanche 27 juillet, cette m\u00eame ligne arr\u00eatera de circuler \u00e0 partir de 21 h. Samedi 2 et dimanche 3 ao\u00fbt, ce sera au tour de la ligne B d\u2019\u00eatre perturb\u00e9e. Le 2 ao\u00fbt, elle fermera \u00e0 22 h. Le dimanche, elle sera ferm\u00e9e toute la journ\u00e9e. Le samedi 9 ao\u00fbt, la ligne A fermera \u00e0 22 h. Le dimanche 10 ao\u00fbt, cette m\u00eame ligne sera \u00e0 son tour ferm\u00e9e toute la journ\u00e9e.<\/p>\n<p>Lors des jours de fermeture totale du m\u00e9tro, \u00ab la ligne bus relais sera mise en place avec un passage toutes les 20 minutes \u00bb, pr\u00e9cise Keolis. Les autres jours, les lignes Chronostar prendront le relais apr\u00e8s la fermeture du m\u00e9tro. Quant aux autres jours de l\u2019\u00e9t\u00e9, les lignes A et B ferment leurs portes \u00e0 0 h 45 (derniers passages en centre-ville vers 0 h 30). \u00ab Pendant l\u2019\u00e9t\u00e9, il n\u2019y a pas de prolongation du service en fin de semaine \u00bb, indique Keolis.<\/p>\n<p>Les parcs relais, eux, ferment \u00e0 1 h (jours d\u2019ouverture habituels). \u00c0 noter que le parc relais J.F Kennedy est ferm\u00e9 jusqu\u2019au 24 ao\u00fbt inclus. Le parc relais La Poterie est en travaux jusqu\u2019\u00e0 ce vendredi 25 juillet inclus. 450 places sont inaccessibles entre le rez-de-chauss\u00e9e et le niveau 3. Les places de rechargement pour v\u00e9hicules \u00e9lectriques restent disponibles.<\/p>\n","protected":false},"excerpt":{"rendered":"Cet \u00e9t\u00e9, les habitu\u00e9s des lignes A et B du m\u00e9tro vont devoir \u00eatre particuli\u00e8rement attentifs aux horaires&hellip;\n","protected":false},"author":2,"featured_media":272521,"comment_status":"","ping_status":"","sticky":false,"template":"","format":"standard","meta":{"footnotes":""},"categories":[2821],"tags":[1111,11,829,21017,1777,674,1011,27,848,12,584,25],"class_list":{"0":"post-272520","1":"post","2":"type-post","3":"status-publish","4":"format-standard","5":"has-post-thumbnail","7":"category-rennes","8":"tag-actu","9":"tag-actualites","10":"tag-bretagne","11":"tag-deplacements-a-rennes","12":"tag-eu","13":"tag-europe","14":"tag-fr","15":"tag-france","16":"tag-ille-et-vilaine","17":"tag-news","18":"tag-rennes","19":"tag-republique-francaise"},"share_on_mastodon":{"url":"https:\/\/pubeurope.com\/@fr\/114913337814003451","error":""},"_links":{"self":[{"href":"https:\/\/www.europesays.com\/fr\/wp-json\/wp\/v2\/posts\/272520","targetHints":{"allow":["GET"]}}],"collection":[{"href":"https:\/\/www.europesays.com\/fr\/wp-json\/wp\/v2\/posts"}],"about":[{"href":"https:\/\/www.europesays.com\/fr\/wp-json\/wp\/v2\/types\/post"}],"author":[{"embeddable":true,"href":"https:\/\/www.europesays.com\/fr\/wp-json\/wp\/v2\/users\/2"}],"replies":[{"embeddable":true,"href":"https:\/\/www.europesays.com\/fr\/wp-json\/wp\/v2\/comments?post=272520"}],"version-history":[{"count":0,"href":"https:\/\/www.europesays.com\/fr\/wp-json\/wp\/v2\/posts\/272520\/revisions"}],"wp:featuredmedia":[{"embeddable":true,"href":"https:\/\/www.europesays.com\/fr\/wp-json\/wp\/v2\/media\/272521"}],"wp:attachment":[{"href":"https:\/\/www.europesays.com\/fr\/wp-json\/wp\/v2\/media?parent=272520"}],"wp:term":[{"taxonomy":"category","embeddable":true,"href":"https:\/\/www.europesays.com\/fr\/wp-json\/wp\/v2\/categories?post=272520"},{"taxonomy":"post_tag","embeddable":true,"href":"https:\/\/www.europesays.com\/fr\/wp-json\/wp\/v2\/tags?post=272520"}],"curies":[{"name":"wp","href":"https:\/\/api.w.org\/{rel}","templated":true}]}}