{"id":272522,"date":"2025-07-25T10:13:23","date_gmt":"2025-07-25T10:13:23","guid":{"rendered":"https:\/\/www.europesays.com\/fr\/272522\/"},"modified":"2025-07-25T10:13:23","modified_gmt":"2025-07-25T10:13:23","slug":"strasbourg-casse-sa-tirelire-pour-joaquin-panichelli","status":"publish","type":"post","link":"https:\/\/www.europesays.com\/fr\/272522\/","title":{"rendered":"Strasbourg casse sa tirelire pour Joaquin Panichelli"},"content":{"rendered":"<p style=\"text-align: justify;\"><strong>TRANSFERTS \u2013 Selon <a href=\"https:\/\/www.footmercato.net\/a2801837244143348329-strasbourg-a-boucle-larrivee-dun-attaquant-pour-20-meur\" rel=\"nofollow noopener\" target=\"_blank\">Estadio Deportivo<\/a>, Strasbourg est en train de boucler l\u2019arriv\u00e9e de Joaquin Panichelli pour 20 millions d\u2019euros.<\/strong><\/p>\n<p style=\"text-align: justify;\">Avec l\u2019<strong>Olympique de Marseille<\/strong>, le <strong>RC Strasbourg<\/strong> fait partie des deux \u00e9quipes de Ligue 1 les plus actives sur le march\u00e9 des transferts jusqu\u2019\u00e0 pr\u00e9sent. <strong>Valentin<\/strong> <strong>Barco<\/strong> (Brighton), <strong>Andrew Omobamidele<\/strong> (Nottingham Forest), <strong>Souma\u00efla<\/strong> <strong>Coulibaly<\/strong> (Dortmund) et <strong>Maxi<\/strong> <strong>Odeyele<\/strong> (Legia Varsovie) se sont notamment engag\u00e9s avec le club alsacien.<\/p>\n<p>20 millions d\u2019euros pour Joaquin Panichelli<\/p>\n<p style=\"text-align: justify;\">Mais le mercato strasbourgeois semble loin d\u2019\u00eatre termin\u00e9 et d\u2019autres recrues sont attendues dans les semaines \u00e0 venir. Et selon nos confr\u00e8res, le RCS est m\u00eame sur le point de casser sa tirelire avec le plus gros transfert de son \u00e9t\u00e9. <strong>Joaquin<\/strong> <strong>Panichelli<\/strong> devrait d\u00e9barquer \u00e0 Strasbourg en provenance d\u2019Alaves contre la somme de 20 millions d\u2019euros, 16 millions fixe et 4 millions de bonus.<\/p>\n<p style=\"text-align: justify;\">Encore inconnu du grand public ou presque, cet attaquant argentin reste sur une saison pleine en deuxi\u00e8me division espagnole. <strong>Joaquin<\/strong> <strong>Panichelli<\/strong> a inscrit pas moins de 18 buts en 42 rencontres la saison pass\u00e9e. \u00c0 22 ans, <strong>Joaquin<\/strong> <strong>Panichelli<\/strong> va donc changer de dimension et esp\u00e8re se rapprocher de la s\u00e9lection argentine en signant en Ligue 1.<\/p>\n<p>\u00c0 ce sujet<br \/>\n<a href=\"https:\/\/dicodusport.fr\/blog\/mercato-strasbourg-2025-2026-le-tableau-complet-des-transferts-arrivees-et-departs\/\" class=\"vlp-link\" title=\"Mercato Strasbourg 2025-2026 : Le tableau complet des transferts, arriv\u00e9es et d\u00e9parts\" rel=\"nofollow noopener\" target=\"_blank\"><img loading=\"lazy\" decoding=\"async\" style=\"max-width: 792px;\" width=\"792\" height=\"445\" class=\"attachment-800x445 size-800x445 perfmatters-lazy\" alt=\"Mercato Strasbourg 2025-2026 Le tableau complet des transferts, arriv\u00e9es et d\u00e9parts\" src=\"https:\/\/www.europesays.com\/fr\/wp-content\/uploads\/2025\/07\/Mercato-Strasbourg-2025-2026-Le-tableau-complet-des-transferts-arrivees-et-departs.png\"  data-\/><\/p>\n<p>Mercato Strasbourg 2025-2026 : Le tableau complet des transferts, arriv\u00e9es et d\u00e9parts<\/p>\n<p>TRANSFERTS STRASBOURG &#8211; Retrouvez tous les mouvements du RC Strasbourg Alsace pour l&rsquo;intersaison 2025 en Ligue 1. Arriv\u00e9es, d\u00e9part, pr\u00eats, transferts d\u00e9finitifs, ne ratez rien du mercato estival.\u00a0<\/p>\n<p>Lire l&rsquo;article<\/p>\n<p>dicodusport.fr<\/p>\n","protected":false},"excerpt":{"rendered":"TRANSFERTS \u2013 Selon Estadio Deportivo, Strasbourg est en train de boucler l\u2019arriv\u00e9e de Joaquin Panichelli pour 20 millions&hellip;\n","protected":false},"author":2,"featured_media":272523,"comment_status":"","ping_status":"","sticky":false,"template":"","format":"standard","meta":{"footnotes":""},"categories":[2820],"tags":[1111,11,2113,1777,674,1011,27,775,23100,12,25,640],"class_list":{"0":"post-272522","1":"post","2":"type-post","3":"status-publish","4":"format-standard","5":"has-post-thumbnail","7":"category-strasbourg","8":"tag-actu","9":"tag-actualites","10":"tag-breve","11":"tag-eu","12":"tag-europe","13":"tag-fr","14":"tag-france","15":"tag-grand-est","16":"tag-mercato-football","17":"tag-news","18":"tag-republique-francaise","19":"tag-strasbourg"},"share_on_mastodon":{"url":"https:\/\/pubeurope.com\/@fr\/114913345939221870","error":""},"_links":{"self":[{"href":"https:\/\/www.europesays.com\/fr\/wp-json\/wp\/v2\/posts\/272522","targetHints":{"allow":["GET"]}}],"collection":[{"href":"https:\/\/www.europesays.com\/fr\/wp-json\/wp\/v2\/posts"}],"about":[{"href":"https:\/\/www.europesays.com\/fr\/wp-json\/wp\/v2\/types\/post"}],"author":[{"embeddable":true,"href":"https:\/\/www.europesays.com\/fr\/wp-json\/wp\/v2\/users\/2"}],"replies":[{"embeddable":true,"href":"https:\/\/www.europesays.com\/fr\/wp-json\/wp\/v2\/comments?post=272522"}],"version-history":[{"count":0,"href":"https:\/\/www.europesays.com\/fr\/wp-json\/wp\/v2\/posts\/272522\/revisions"}],"wp:featuredmedia":[{"embeddable":true,"href":"https:\/\/www.europesays.com\/fr\/wp-json\/wp\/v2\/media\/272523"}],"wp:attachment":[{"href":"https:\/\/www.europesays.com\/fr\/wp-json\/wp\/v2\/media?parent=272522"}],"wp:term":[{"taxonomy":"category","embeddable":true,"href":"https:\/\/www.europesays.com\/fr\/wp-json\/wp\/v2\/categories?post=272522"},{"taxonomy":"post_tag","embeddable":true,"href":"https:\/\/www.europesays.com\/fr\/wp-json\/wp\/v2\/tags?post=272522"}],"curies":[{"name":"wp","href":"https:\/\/api.w.org\/{rel}","templated":true}]}}