{"id":272524,"date":"2025-07-25T10:14:12","date_gmt":"2025-07-25T10:14:12","guid":{"rendered":"https:\/\/www.europesays.com\/fr\/272524\/"},"modified":"2025-07-25T10:14:12","modified_gmt":"2025-07-25T10:14:12","slug":"nice-jazz-fest-la-fievre-du-vendredi-soir","status":"publish","type":"post","link":"https:\/\/www.europesays.com\/fr\/272524\/","title":{"rendered":"Nice Jazz Fest : la fi\u00e8vre du vendredi soir&#8230;"},"content":{"rendered":"<p>                    <img loading=\"lazy\" decoding=\"async\" src=\"https:\/\/www.europesays.com\/fr\/wp-content\/uploads\/2025\/07\/1228dde1bab5d3510a6d5d63510f68.jpg\" class=\"img-responsive post-image\" width=\"680\" height=\"510\" alt=\"Nice Jazz Fest : la (\u2026)\" title=\"Nice Jazz Fest : la fi\u00e8vre du vendredi soir...\"\/><\/p>\n<p>C\u2019\u00e9tait faire preuve de prudence que de programmer ce soir ( 21 heures) <a href=\"https:\/\/www.nicejazzfest.fr\/fr\/programmation\/2025\/m-lamomali\" class=\"chapo\" rel=\"external nofollow noopener\" target=\"_blank\">M et Lamomali<\/a> au \u00ab\u00a0milieu\u00a0\u00bb de la soir\u00e9e sur la place Mass\u00e9na, entre Ferddie Gibbs et El Michels en lever de rideau (19h30) et Mustard (23 heures). Parce que la g\u00e9n\u00e9rosit\u00e9 de M, guitariste et chanteur, et celle de Fatoumata Diawara, auraient \u00e9t\u00e9 incompatible avec un coucher de bonne heure\u2026 M s\u2019impr\u00e9gne de l\u2019\u00e9nergie et de la po\u00e9sie africaine pour proposer cette tourn\u00e9e qui fait suite \u00e0 une premi\u00e8re exploration de cet univers dans le monde d\u2019avant, d\u2019avant Covid s\u2019entend. Guitare, kora, voix chaudes et sensuelles, pour r\u00e9interpr\u00e9ter un r\u00e9pertoire color\u00e9, \u00e9pic\u00e9 et plein d\u2019espoir.<\/p>\n<p>                    Du c\u00f4t\u00e9 du th\u00e9\u00e2tre de Verdure, quatre rendez-vous comme chaque soir<\/p>\n<p>Pour d\u00e9buter (19h15), on empruntera les semelles de vent de <strong>Stochelo et Mozes Rosenberg<\/strong> qui nous entra\u00eeneront sur les chemins de la guitare manouche pour explorer le monde musical de\u2026 <strong>Charlie Chaplin<\/strong>, un autre enfant de la balle. Et un hommage inloupable \u00e0 l\u2019immense pianiste, compositeur et chef d\u2019orchestre <strong>Oscar Peterson<\/strong> qui aurait 100 ans cette ann\u00e9e et que l\u2019on aimerait tant voir encore promener sa grande carcasse sur nos sc\u00e8nes estivales. Son h\u00e9ritage sera c\u00e9l\u00e9br\u00e9 avec le projet  intitul\u00e9 \u00ab\u00a0The Oscar Peterson Centennial Celebration\u00a0\u00bb port\u00e9 par <strong>Sullivan Fortner,<\/strong> accompagn\u00e9 de <strong>John Clayton<\/strong> \u00e0 la contrebasse et de <strong>Jeff Hamilton<\/strong> \u00e0 la batterie.<br class=\"autobr\"\/><br \/>\nSans oublier \u00e0 20h30 le guitariste et contrebassiste <strong>Edouard Pennes<\/strong> (qui a r\u00e9uni du beau monde autour de lui pour une red\u00e9couverte du <strong>Bird Charlie Parker <\/strong> et \u00e0 23 heures<strong> Jalen Ngonda<\/strong> \u00ab\u00a0\u00a0l\u2019une des voix les plus prometteuses de la soul actuelle\u00a0\u00a0\u00bb.<\/p>\n<p>Lire aussi\u00a0: <a href=\"https:\/\/www.artcotedazur.fr\/actualite,109\/festivals,121\/nice-jazz-fest-lancement-reussi,14057.html\" class=\"spip_out\" rel=\"external nofollow noopener\" target=\"_blank\">Nice Jazz Fest\u2019\u00a0: lancement r\u00e9ussi\u00a0!<\/a><\/p>\n<p>Visuel de de Une\u00a0: M et Lamomali \u00a9DR<\/p>\n","protected":false},"excerpt":{"rendered":"C\u2019\u00e9tait faire preuve de prudence que de programmer ce soir ( 21 heures) M et Lamomali au \u00ab\u00a0milieu\u00a0\u00bb&hellip;\n","protected":false},"author":2,"featured_media":272525,"comment_status":"","ping_status":"","sticky":false,"template":"","format":"standard","meta":{"footnotes":""},"categories":[2819],"tags":[1111,11,2408,1777,674,1011,27,12,2401,882,25],"class_list":{"0":"post-272524","1":"post","2":"type-post","3":"status-publish","4":"format-standard","5":"has-post-thumbnail","7":"category-nice","8":"tag-actu","9":"tag-actualites","10":"tag-appels-d","11":"tag-eu","12":"tag-europe","13":"tag-fr","14":"tag-france","15":"tag-news","16":"tag-nice","17":"tag-provence-alpes-cote-dazur","18":"tag-republique-francaise"},"share_on_mastodon":{"url":"https:\/\/pubeurope.com\/@fr\/114913349905981603","error":""},"_links":{"self":[{"href":"https:\/\/www.europesays.com\/fr\/wp-json\/wp\/v2\/posts\/272524","targetHints":{"allow":["GET"]}}],"collection":[{"href":"https:\/\/www.europesays.com\/fr\/wp-json\/wp\/v2\/posts"}],"about":[{"href":"https:\/\/www.europesays.com\/fr\/wp-json\/wp\/v2\/types\/post"}],"author":[{"embeddable":true,"href":"https:\/\/www.europesays.com\/fr\/wp-json\/wp\/v2\/users\/2"}],"replies":[{"embeddable":true,"href":"https:\/\/www.europesays.com\/fr\/wp-json\/wp\/v2\/comments?post=272524"}],"version-history":[{"count":0,"href":"https:\/\/www.europesays.com\/fr\/wp-json\/wp\/v2\/posts\/272524\/revisions"}],"wp:featuredmedia":[{"embeddable":true,"href":"https:\/\/www.europesays.com\/fr\/wp-json\/wp\/v2\/media\/272525"}],"wp:attachment":[{"href":"https:\/\/www.europesays.com\/fr\/wp-json\/wp\/v2\/media?parent=272524"}],"wp:term":[{"taxonomy":"category","embeddable":true,"href":"https:\/\/www.europesays.com\/fr\/wp-json\/wp\/v2\/categories?post=272524"},{"taxonomy":"post_tag","embeddable":true,"href":"https:\/\/www.europesays.com\/fr\/wp-json\/wp\/v2\/tags?post=272524"}],"curies":[{"name":"wp","href":"https:\/\/api.w.org\/{rel}","templated":true}]}}