{"id":272528,"date":"2025-07-25T10:16:31","date_gmt":"2025-07-25T10:16:31","guid":{"rendered":"https:\/\/www.europesays.com\/fr\/272528\/"},"modified":"2025-07-25T10:16:31","modified_gmt":"2025-07-25T10:16:31","slug":"arrets-de-bus-supprimes-changement-de-nom-voici-ce-qui-change-sur-le-reseau-naolib-a-la-rentree","status":"publish","type":"post","link":"https:\/\/www.europesays.com\/fr\/272528\/","title":{"rendered":"Arr\u00eats de bus supprim\u00e9s, changement de nom&#8230; Voici ce qui change sur le r\u00e9seau Naolib \u00e0 la rentr\u00e9e"},"content":{"rendered":"<p>            Par<br \/>\n        <strong><br \/>\n            <a href=\"https:\/\/actu.fr\/auteur\/clemence-pays02-actu-fr\" title=\"Consulter tous les articles de Cl\u00e9mence Pays\" rel=\"nofollow noopener\" target=\"_blank\">Cl\u00e9mence Pays<\/a><br \/>\n        <\/strong><\/p>\n<p>        Publi\u00e9 le<\/p>\n<p>            25 juil. 2025 \u00e0 7h32        <\/p>\n<p>La Semitan, exploitant du r\u00e9seau de transports en commun de Nantes (Naolib), a annonc\u00e9 plusieurs <strong>changements pour la rentr\u00e9e 2025.<\/strong> Parmi eux, la cr\u00e9ation, mais aussi la suppression de certains arr\u00eats de bus.\u00a0<a href=\"https:\/\/actu.fr\/nantes\/\" rel=\"nofollow noopener\" target=\"_blank\">Actu Nantes<\/a> fait le point.<\/p>\n<p>Les nouveaux arr\u00eats de bus<\/p>\n<p class=\" wall-content\">Les arr\u00eats suivants vont faire leur apparition sur le r\u00e9seau\u2009:<\/p>\n<ul class=\" wall-content\">\n<li><strong>ligne 93,<\/strong> Basses Jouannes \u00e0 Saint-Herblain\u2009;<\/li>\n<li><strong>ligne 27,<\/strong> Peupliers et Commune 1871 fusionnent pour devenir Saules, \u00e0 Saint-S\u00e9bastien-sur-Loire\u2009;<\/li>\n<li><strong>lignes 66, 86 et E5,<\/strong> Newton \u00e0 La Chapelle-sur-Erdre\u2009;<\/li>\n<li><strong>navette Bouguenais,<\/strong> Pierre, Mairie de Rez\u00e9, Marguyonnes, Ile Mac\u00e9, Sarrail \u00e0 Rez\u00e9 et Bouguenais.<\/li>\n<\/ul>\n<p>Les arr\u00eats de bus supprim\u00e9s<\/p>\n<p class=\" wall-content\">Les arr\u00eats suivants n\u2019existeront plus \u00e0 partir de septembre\u00a02025\u2009:<\/p>\n<ul class=\" wall-content\">\n<li><strong>lignes 50 et 81,<\/strong> Vaillant, Mairie d\u2019Indre (sauf le dimanche, arr\u00eat maintenu pour le march\u00e9)\u2009;<\/li>\n<li><strong>lignes 54\/C8 et 26,<\/strong> Sageran.<\/li>\n<\/ul>\n<p>De nouveaux noms<\/p>\n<p class=\" wall-content\">Certains arr\u00eats existants vont voir leur d\u00e9nomination modifi\u00e9e\u2009:<\/p>\n<ul class=\" wall-content\">\n<li><strong>lignes 11, 12 et C1,<\/strong> Tr\u00e9buchet devient Sophie-Tr\u00e9buchet, \u00e0 Nantes\u2009;<\/li>\n<li><strong>ligne C9,<\/strong> Petit Clos devient Gare des Pas Enchant\u00e9s, \u00e0 Saint-S\u00e9bastien-sur-Loire\u2009;<\/li>\n<li><strong>ligne 36,<\/strong> Bouvre devient Prieur\u00e9 \u00e0 Bouguenais\u2009;<\/li>\n<li><strong>lignes 36, 88 et 78,<\/strong> Parc de la Bouvre devient Bouvre \u00e0 Bouguenais\u2009;<\/li>\n<li><strong>lignes 26 et 54,<\/strong> Sarradin devient Toutes Joies.<\/li>\n<\/ul>\n<p class=\" wall-content\">Suivez toute l\u2019actualit\u00e9 de vos villes et m\u00e9dias favoris en vous inscrivant \u00e0 <a href=\"https:\/\/moncompte.actu.fr\" title=\"D\u00e9couvez Mon Actu\" rel=\"nofollow noopener\" data-trk=\"{&quot;cta&quot;:{&quot;action&quot;:&quot;https:\\\/\\\/moncompte.actu.fr&quot;,&quot;category&quot;:&quot;mon compte&quot;,&quot;from&quot;:&quot;article footer&quot;,&quot;name&quot;:&quot;Mon actu&quot;,&quot;type&quot;:&quot;cta&quot;}}\" target=\"_blank\">Mon Actu<\/a>.<\/p>\n","protected":false},"excerpt":{"rendered":"Par Cl\u00e9mence Pays Publi\u00e9 le 25 juil. 2025 \u00e0 7h32 La Semitan, exploitant du r\u00e9seau de transports en&hellip;\n","protected":false},"author":2,"featured_media":272529,"comment_status":"","ping_status":"","sticky":false,"template":"","format":"standard","meta":{"footnotes":""},"categories":[2818],"tags":[1111,11,1777,674,1011,27,766,12,2636,25,104,2803],"class_list":{"0":"post-272528","1":"post","2":"type-post","3":"status-publish","4":"format-standard","5":"has-post-thumbnail","7":"category-nantes","8":"tag-actu","9":"tag-actualites","10":"tag-eu","11":"tag-europe","12":"tag-fr","13":"tag-france","14":"tag-nantes","15":"tag-news","16":"tag-pays-de-la-loire","17":"tag-republique-francaise","18":"tag-societe","19":"tag-transport"},"share_on_mastodon":{"url":"https:\/\/pubeurope.com\/@fr\/114913357564071991","error":""},"_links":{"self":[{"href":"https:\/\/www.europesays.com\/fr\/wp-json\/wp\/v2\/posts\/272528","targetHints":{"allow":["GET"]}}],"collection":[{"href":"https:\/\/www.europesays.com\/fr\/wp-json\/wp\/v2\/posts"}],"about":[{"href":"https:\/\/www.europesays.com\/fr\/wp-json\/wp\/v2\/types\/post"}],"author":[{"embeddable":true,"href":"https:\/\/www.europesays.com\/fr\/wp-json\/wp\/v2\/users\/2"}],"replies":[{"embeddable":true,"href":"https:\/\/www.europesays.com\/fr\/wp-json\/wp\/v2\/comments?post=272528"}],"version-history":[{"count":0,"href":"https:\/\/www.europesays.com\/fr\/wp-json\/wp\/v2\/posts\/272528\/revisions"}],"wp:featuredmedia":[{"embeddable":true,"href":"https:\/\/www.europesays.com\/fr\/wp-json\/wp\/v2\/media\/272529"}],"wp:attachment":[{"href":"https:\/\/www.europesays.com\/fr\/wp-json\/wp\/v2\/media?parent=272528"}],"wp:term":[{"taxonomy":"category","embeddable":true,"href":"https:\/\/www.europesays.com\/fr\/wp-json\/wp\/v2\/categories?post=272528"},{"taxonomy":"post_tag","embeddable":true,"href":"https:\/\/www.europesays.com\/fr\/wp-json\/wp\/v2\/tags?post=272528"}],"curies":[{"name":"wp","href":"https:\/\/api.w.org\/{rel}","templated":true}]}}