{"id":272530,"date":"2025-07-25T10:17:09","date_gmt":"2025-07-25T10:17:09","guid":{"rendered":"https:\/\/www.europesays.com\/fr\/272530\/"},"modified":"2025-07-25T10:17:09","modified_gmt":"2025-07-25T10:17:09","slug":"un-homme-escorte-a-nantes-dans-un-etat-critique","status":"publish","type":"post","link":"https:\/\/www.europesays.com\/fr\/272530\/","title":{"rendered":"un homme escort\u00e9 \u00e0 Nantes dans un \u00e9tat critique"},"content":{"rendered":"<p>            Par<br \/>\n        <strong><br \/>\n            <a href=\"https:\/\/actu.fr\/auteur\/journaliste-cp\" title=\"Consulter tous les articles de R\u00e9daction Courrier du Pays de Retz\" target=\"_blank\" rel=\"noopener\">R\u00e9daction Courrier du Pays de Retz<\/a><br \/>\n        <\/strong><\/p>\n<p>        Publi\u00e9 le<\/p>\n<p>            25 juil. 2025 \u00e0 12h02        <\/p>\n<p>Le jeudi 24 juillet 2025, \u00e0 15\u2009h\u200945, la plage Montbeau \u00e0 <b>Sainte-Marie-sur-Mer<\/b>, \u00e0 <a href=\"https:\/\/actu.fr\/pays-de-la-loire\/pornic_44131\" target=\"_blank\" rel=\"noopener\">Pornic<\/a> (Loire-Atlantique), a \u00e9t\u00e9 le th\u00e9\u00e2tre d\u2019une intervention d\u2019urgence des sapeurs-pompiers.<\/p>\n<p class=\" wall-content\">Un homme de <b>46\u00a0ans<\/b> a \u00e9t\u00e9 victime d\u2019un arr\u00eat cardio-respiratoire suite \u00e0 une <b>noyade<\/b>.<\/p>\n<p class=\" wall-content\">Rapidement sur les lieux, les sapeurs-pompiers ont mobilis\u00e9 six de leurs membres, accompagn\u00e9s de trois engins, pour porter secours \u00e0 la victime.<\/p>\n<p>Escort\u00e9 en urgence \u00e0 Nantes<\/p>\n<p class=\" wall-content\">En raison de la gravit\u00e9 de son \u00e9tat, le <b>Service mobile d\u2019urgence et de r\u00e9animation<\/b> (SMUR) a \u00e9galement \u00e9t\u00e9 d\u00e9p\u00each\u00e9 sur place.<\/p>\n<p class=\" wall-content\">L\u2019homme a \u00e9t\u00e9 transport\u00e9 en urgence absolue vers le centre hospitalier de <a href=\"https:\/\/actu.fr\/nantes\/\" target=\"_blank\" rel=\"noopener\">Nantes<\/a>, escort\u00e9 par les forces de gendarmerie.<\/p>\n<p>Vid\u00e9os : en ce moment sur Actu<\/p>\n<p class=\" wall-content\">Selon les derni\u00e8res informations, il \u00e9tait toujours hospitalis\u00e9 ce vendredi 27\u00a0juillet au matin, son \u00e9tat de sant\u00e9 restant pr\u00e9occupant.<\/p>\n<p class=\" wall-content\">Suivez toute l\u2019actualit\u00e9 de vos villes et m\u00e9dias favoris en vous inscrivant \u00e0 <a href=\"https:\/\/moncompte.actu.fr\" title=\"D\u00e9couvez Mon Actu\" rel=\"nofollow noopener\" data-trk=\"{&quot;cta&quot;:{&quot;action&quot;:&quot;https:\\\/\\\/moncompte.actu.fr&quot;,&quot;category&quot;:&quot;mon compte&quot;,&quot;from&quot;:&quot;article footer&quot;,&quot;name&quot;:&quot;Mon actu&quot;,&quot;type&quot;:&quot;cta&quot;}}\" target=\"_blank\">Mon Actu<\/a>.<\/p>\n","protected":false},"excerpt":{"rendered":"Par R\u00e9daction Courrier du Pays de Retz Publi\u00e9 le 25 juil. 2025 \u00e0 12h02 Le jeudi 24 juillet&hellip;\n","protected":false},"author":2,"featured_media":272531,"comment_status":"","ping_status":"","sticky":false,"template":"","format":"standard","meta":{"footnotes":""},"categories":[2818],"tags":[1111,11,1777,674,118,1011,27,766,12,2636,41196,25],"class_list":{"0":"post-272530","1":"post","2":"type-post","3":"status-publish","4":"format-standard","5":"has-post-thumbnail","7":"category-nantes","8":"tag-actu","9":"tag-actualites","10":"tag-eu","11":"tag-europe","12":"tag-faits-divers","13":"tag-fr","14":"tag-france","15":"tag-nantes","16":"tag-news","17":"tag-pays-de-la-loire","18":"tag-pays-de-retz","19":"tag-republique-francaise"},"share_on_mastodon":{"url":"https:\/\/pubeurope.com\/@fr\/114913361489209399","error":""},"_links":{"self":[{"href":"https:\/\/www.europesays.com\/fr\/wp-json\/wp\/v2\/posts\/272530","targetHints":{"allow":["GET"]}}],"collection":[{"href":"https:\/\/www.europesays.com\/fr\/wp-json\/wp\/v2\/posts"}],"about":[{"href":"https:\/\/www.europesays.com\/fr\/wp-json\/wp\/v2\/types\/post"}],"author":[{"embeddable":true,"href":"https:\/\/www.europesays.com\/fr\/wp-json\/wp\/v2\/users\/2"}],"replies":[{"embeddable":true,"href":"https:\/\/www.europesays.com\/fr\/wp-json\/wp\/v2\/comments?post=272530"}],"version-history":[{"count":0,"href":"https:\/\/www.europesays.com\/fr\/wp-json\/wp\/v2\/posts\/272530\/revisions"}],"wp:featuredmedia":[{"embeddable":true,"href":"https:\/\/www.europesays.com\/fr\/wp-json\/wp\/v2\/media\/272531"}],"wp:attachment":[{"href":"https:\/\/www.europesays.com\/fr\/wp-json\/wp\/v2\/media?parent=272530"}],"wp:term":[{"taxonomy":"category","embeddable":true,"href":"https:\/\/www.europesays.com\/fr\/wp-json\/wp\/v2\/categories?post=272530"},{"taxonomy":"post_tag","embeddable":true,"href":"https:\/\/www.europesays.com\/fr\/wp-json\/wp\/v2\/tags?post=272530"}],"curies":[{"name":"wp","href":"https:\/\/api.w.org\/{rel}","templated":true}]}}