{"id":272532,"date":"2025-07-25T10:18:09","date_gmt":"2025-07-25T10:18:09","guid":{"rendered":"https:\/\/www.europesays.com\/fr\/272532\/"},"modified":"2025-07-25T10:18:09","modified_gmt":"2025-07-25T10:18:09","slug":"a-bordeaux-le-pont-chaban-delmas-bientot-ferme-pour-le-passage-dun-navire-de-la-marine-grecque","status":"publish","type":"post","link":"https:\/\/www.europesays.com\/fr\/272532\/","title":{"rendered":"\u00c0 Bordeaux, le pont Chaban-Delmas bient\u00f4t ferm\u00e9 pour le passage d&rsquo;un navire de la marine grecque"},"content":{"rendered":"<p>            Par<br \/>\n        <strong><br \/>\n            <a href=\"https:\/\/actu.fr\/auteur\/redaction-bordeaux\" title=\"Consulter tous les articles de R\u00e9daction Bordeaux\" target=\"_blank\" rel=\"noopener\">R\u00e9daction Bordeaux<\/a><br \/>\n        <\/strong><\/p>\n<p>        Publi\u00e9 le<\/p>\n<p>            25 juil. 2025 \u00e0 11h46        <\/p>\n<p>Pour \u00e9viter les <a href=\"https:\/\/actu.fr\/nouvelle-aquitaine\/bordeaux_33063\/d-enormes-bouchons-attendus-ce-week-end-en-gironde-quelles-sont-les-routes-a-eviter_62944984.html\" target=\"_blank\" rel=\"noopener\">embouteillages annonc\u00e9s<\/a> sur la <a href=\"https:\/\/actu.fr\/tag\/rocade-de-bordeaux\" target=\"_blank\" rel=\"noopener\">rocade de Bordeaux<\/a> et le pont d\u2019Aquitaine en cette fin juillet 2025, des automobilistes vont \u00eatre tent\u00e9s d\u2019emprunter les voies annexes et <strong>le pont Jacques Chaban-Delmas.<\/strong> Mais attention aux derni\u00e8res fermetures juillettistes de l\u2019ouvrage qui permet de traverser la Garonne.<\/p>\n<p class=\" wall-content\">Le Balmoral, le dernier paquebot \u00e0 faire escale \u00e0 Bordeaux en juillet, est reparti ce vendredi 25 au matin. D\u2019ici la fin du mois, c\u2019est <strong>un navire militaire<\/strong> qui va impacter <a href=\"https:\/\/actu.fr\/tag\/circulation\" target=\"_blank\" rel=\"noopener\">la circulation.<\/a><\/p>\n<p>Deux fermetures pr\u00e9vues<\/p>\n<p class=\" wall-content\">Le ravitailleur HS Prometheus est utilis\u00e9 comme un navire \u00e9cole de la marine grecque. Son \u00e9quipage comprend un peu plus de 130 marins. Ils feront escale \u00e0 Bordeaux \u00e0 partir de ce samedi 26 juillet. Pour laisser passer l\u2019imposant ravitailleur, la <strong>circulation sera impossible<\/strong> sur le pont <a href=\"https:\/\/actu.fr\/tag\/pont-chaban-delmas\" target=\"_blank\" rel=\"noopener\">Chaban-Delmas<\/a> entre 8h49 et 9h57.<\/p>\n<p class=\" wall-content\">Le HS Prometheus restera trois jours \u00e0 quai : il repartira du port de la Lune <strong>mardi 29 juillet.<\/strong> Le tablier du pont doit \u00eatre hauss\u00e9 pour l\u2019occasion entre 10h34 et 11h57.\u00a0<\/p>\n<p class=\" wall-content\">\n<p class=\" wall-content\">Le mois d\u2019ao\u00fbt devrait \u00eatre<strong> plus calme<\/strong> en termes de lev\u00e9es de pont. La premi\u00e8re des quatre perturbations pr\u00e9vues pour le passage de paquebots est annonc\u00e9e pour le 17 ao\u00fbt.<\/p>\n<p>Les fermetures pr\u00e9visionnelles peuvent \u00eatre modifi\u00e9es ou annul\u00e9es,\u00a0sous r\u00e9serve de confirmation de la Capitainerie du <a href=\"https:\/\/actu.fr\/tag\/port-de-bordeaux\" target=\"_blank\" rel=\"noopener\">Grand Port Maritime de Bordeaux.<\/a><\/p>\n<p class=\" wall-content\">Suivez toute l\u2019actualit\u00e9 de vos villes et m\u00e9dias favoris en vous inscrivant \u00e0 <a href=\"https:\/\/moncompte.actu.fr\" title=\"D\u00e9couvez Mon Actu\" rel=\"nofollow noopener\" data-trk=\"{&quot;cta&quot;:{&quot;action&quot;:&quot;https:\\\/\\\/moncompte.actu.fr&quot;,&quot;category&quot;:&quot;mon compte&quot;,&quot;from&quot;:&quot;article footer&quot;,&quot;name&quot;:&quot;Mon actu&quot;,&quot;type&quot;:&quot;cta&quot;}}\" target=\"_blank\">Mon Actu<\/a>.<\/p>\n","protected":false},"excerpt":{"rendered":"Par R\u00e9daction Bordeaux Publi\u00e9 le 25 juil. 2025 \u00e0 11h46 Pour \u00e9viter les embouteillages annonc\u00e9s sur la rocade&hellip;\n","protected":false},"author":2,"featured_media":151138,"comment_status":"","ping_status":"","sticky":false,"template":"","format":"standard","meta":{"footnotes":""},"categories":[2817],"tags":[1111,11,1997,3542,2380,1777,674,1011,27,12,2219,4399,25,104],"class_list":{"0":"post-272532","1":"post","2":"type-post","3":"status-publish","4":"format-standard","5":"has-post-thumbnail","7":"category-bordeaux","8":"tag-actu","9":"tag-actualites","10":"tag-bordeaux","11":"tag-circulation","12":"tag-croisiere","13":"tag-eu","14":"tag-europe","15":"tag-fr","16":"tag-france","17":"tag-news","18":"tag-nouvelle-aquitaine","19":"tag-pont-chaban-delmas","20":"tag-republique-francaise","21":"tag-societe"},"share_on_mastodon":{"url":"https:\/\/pubeurope.com\/@fr\/114913365464322178","error":""},"_links":{"self":[{"href":"https:\/\/www.europesays.com\/fr\/wp-json\/wp\/v2\/posts\/272532","targetHints":{"allow":["GET"]}}],"collection":[{"href":"https:\/\/www.europesays.com\/fr\/wp-json\/wp\/v2\/posts"}],"about":[{"href":"https:\/\/www.europesays.com\/fr\/wp-json\/wp\/v2\/types\/post"}],"author":[{"embeddable":true,"href":"https:\/\/www.europesays.com\/fr\/wp-json\/wp\/v2\/users\/2"}],"replies":[{"embeddable":true,"href":"https:\/\/www.europesays.com\/fr\/wp-json\/wp\/v2\/comments?post=272532"}],"version-history":[{"count":0,"href":"https:\/\/www.europesays.com\/fr\/wp-json\/wp\/v2\/posts\/272532\/revisions"}],"wp:featuredmedia":[{"embeddable":true,"href":"https:\/\/www.europesays.com\/fr\/wp-json\/wp\/v2\/media\/151138"}],"wp:attachment":[{"href":"https:\/\/www.europesays.com\/fr\/wp-json\/wp\/v2\/media?parent=272532"}],"wp:term":[{"taxonomy":"category","embeddable":true,"href":"https:\/\/www.europesays.com\/fr\/wp-json\/wp\/v2\/categories?post=272532"},{"taxonomy":"post_tag","embeddable":true,"href":"https:\/\/www.europesays.com\/fr\/wp-json\/wp\/v2\/tags?post=272532"}],"curies":[{"name":"wp","href":"https:\/\/api.w.org\/{rel}","templated":true}]}}