{"id":272535,"date":"2025-07-25T10:20:09","date_gmt":"2025-07-25T10:20:09","guid":{"rendered":"https:\/\/www.europesays.com\/fr\/272535\/"},"modified":"2025-07-25T10:20:09","modified_gmt":"2025-07-25T10:20:09","slug":"pendant-lete-ces-travaux-realises-autour-de-toulouse-vont-avoir-un-impact-sur-la-circulation","status":"publish","type":"post","link":"https:\/\/www.europesays.com\/fr\/272535\/","title":{"rendered":"Pendant l&rsquo;\u00e9t\u00e9, ces travaux r\u00e9alis\u00e9s autour de Toulouse vont avoir un impact sur la circulation"},"content":{"rendered":"<p>            Par<br \/>\n        <strong><br \/>\n            <a href=\"https:\/\/actu.fr\/auteur\/lucie-2\" title=\"Consulter tous les articles de Lucie Fraisse\" target=\"_blank\" rel=\"noopener\">Lucie Fraisse<\/a><br \/>\n        <\/strong><\/p>\n<p>        Publi\u00e9 le<\/p>\n<p>            25 juil. 2025 \u00e0 12h02        <\/p>\n<p>De <a href=\"https:\/\/actu.fr\/occitanie\/toulouse_31555\/toulouse-travaux-de-l-ete-rue-par-rue-voici-les-perturbations-a-prevoir_62916686.html\" target=\"_blank\" rel=\"noopener\">nombreux travaux routiers sont en cours \u00e0 Toulouse<\/a> pendant cet \u00e9t\u00e9 2025, mais la Ville rose n\u2019est pas la seule \u00e0 conna\u00eetre des chantiers susceptibles de perturber les conditions normales de circulation en ces mois de juillet et ao\u00fbt 2025. Petit tour d\u2019horizon des chantiers routiers sur le territoire de <strong>Toulouse m\u00e9tropole<\/strong>.\u00a0<\/p>\n<p>Cr\u00e9ation de pistes cyclables\u00a0<\/p>\n<p class=\" wall-content\">Ainsi, la rue Jean-Mermoz, \u00e0 <strong>Tournefeuille<\/strong>, est mise en sens unique jusqu\u2019\u00e0 la fin du mois d\u2019ao\u00fbt 2025. Sur cette art\u00e8re, des pistes cyclables vont \u00eatre cr\u00e9\u00e9es de chaque c\u00f4t\u00e9 et les trottoirs vont \u00eatre \u00e9largis afin de s\u00e9curiser les d\u00e9placements des \u00e9l\u00e8ves et usagers de l\u2019\u00e9cole.<\/p>\n<p class=\" wall-content\">\u00c0 <strong>Fenouillet<\/strong>, des travaux sont en cours sur le rond-point d\u2019acc\u00e8s au centre commercial <a href=\"https:\/\/actu.fr\/occitanie\/fenouillet_31182\/au-nord-de-toulouse-ce-centre-commercial-a-fait-le-plein-de-nouvelles-enseignes_62587097.html\" target=\"_blank\" rel=\"noopener\">Galerie Espaces Fenouillet<\/a>. Ils se poursuivent jusqu\u2019en ao\u00fbt, la circulation est maintenue dans les deux sens.<\/p>\n<p class=\" wall-content\">Du c\u00f4t\u00e9 de Blagnac, la rue Velasquez est mise en circulation altern\u00e9e pour permettre l\u2019am\u00e9nagement du carrefour ATR-Airbus.<\/p>\n<p>Travaux sur les r\u00e9seaux\u00a0<\/p>\n<p class=\" wall-content\">Des travaux sur le r\u00e9seau d\u2019eau en pr\u00e9alable \u00e0 l\u2019am\u00e9nagement d\u2019un rond-point sont r\u00e9alis\u00e9s \u00e0 <strong>Balma<\/strong> et n\u00e9cessitent l\u2019occupation d\u2019une file de circulation jusqu\u2019au 15 ao\u00fbt, entre 9 heures et 16 heures, au niveau de la route de Lavaur<\/p>\n<p class=\" wall-content\">\u00c0 <strong>Mondonville<\/strong>, la cr\u00e9ation d\u2019un r\u00e9seau d\u2019eau potable route de Montaigut-sur-Save n\u00e9cessite la mise en place d\u2019une circulation altern\u00e9e jusqu\u2019\u00e0 la fin de l\u2019\u00e9t\u00e9.<\/p>\n<p class=\" wall-content\">\u00c0 <strong>Villeneuve-Tolosane<\/strong>, les boulevards Maurens, des Pyr\u00e9n\u00e9es et des \u00e9coles sont mis \u00e0 sens unique jusqu\u2019au 31 juillet et l\u2019avenue de Fracazal est mise en sens unique et en circulation altern\u00e9e jusqu\u2019au 28 ao\u00fbt 2025.<\/p>\n<p class=\" wall-content\">Suivez toute l\u2019actualit\u00e9 de vos villes et m\u00e9dias favoris en vous inscrivant \u00e0 <a href=\"https:\/\/moncompte.actu.fr\" title=\"D\u00e9couvez Mon Actu\" rel=\"nofollow noopener\" data-trk=\"{&quot;cta&quot;:{&quot;action&quot;:&quot;https:\\\/\\\/moncompte.actu.fr&quot;,&quot;category&quot;:&quot;mon compte&quot;,&quot;from&quot;:&quot;article footer&quot;,&quot;name&quot;:&quot;Mon actu&quot;,&quot;type&quot;:&quot;cta&quot;}}\" target=\"_blank\">Mon Actu<\/a>.<\/p>\n<ul class=\"ac-article-tag wall-content\">\n<li><a href=\"https:\/\/actu.fr\/tag\/pistes-cyclables\" data-trk=\"{&quot;cta&quot;:{&quot;action&quot;:&quot;Pistes cyclables&quot;,&quot;category&quot;:&quot;tag&quot;,&quot;from&quot;:&quot;article footer&quot;,&quot;name&quot;:&quot;Pistes cyclables&quot;,&quot;type&quot;:&quot;cta&quot;}}\" target=\"_blank\" rel=\"noopener\">#Pistes cyclables<\/a><\/li>\n<li><a href=\"https:\/\/actu.fr\/tag\/travaux\" data-trk=\"{&quot;cta&quot;:{&quot;action&quot;:&quot;Travaux&quot;,&quot;category&quot;:&quot;tag&quot;,&quot;from&quot;:&quot;article footer&quot;,&quot;name&quot;:&quot;Travaux&quot;,&quot;type&quot;:&quot;cta&quot;}}\" target=\"_blank\" rel=\"noopener\">#Travaux<\/a><\/li>\n<\/ul>\n","protected":false},"excerpt":{"rendered":"Par Lucie Fraisse Publi\u00e9 le 25 juil. 2025 \u00e0 12h02 De nombreux travaux routiers sont en cours \u00e0&hellip;\n","protected":false},"author":2,"featured_media":272536,"comment_status":"","ping_status":"","sticky":false,"template":"","format":"standard","meta":{"footnotes":""},"categories":[2816],"tags":[1111,11,1777,674,1011,27,12,2680,4798,25,104,2312,2086],"class_list":{"0":"post-272535","1":"post","2":"type-post","3":"status-publish","4":"format-standard","5":"has-post-thumbnail","7":"category-toulouse","8":"tag-actu","9":"tag-actualites","10":"tag-eu","11":"tag-europe","12":"tag-fr","13":"tag-france","14":"tag-news","15":"tag-occitanie","16":"tag-pistes-cyclables","17":"tag-republique-francaise","18":"tag-societe","19":"tag-toulouse","20":"tag-travaux"},"share_on_mastodon":{"url":"https:\/\/pubeurope.com\/@fr\/114913373248214621","error":""},"_links":{"self":[{"href":"https:\/\/www.europesays.com\/fr\/wp-json\/wp\/v2\/posts\/272535","targetHints":{"allow":["GET"]}}],"collection":[{"href":"https:\/\/www.europesays.com\/fr\/wp-json\/wp\/v2\/posts"}],"about":[{"href":"https:\/\/www.europesays.com\/fr\/wp-json\/wp\/v2\/types\/post"}],"author":[{"embeddable":true,"href":"https:\/\/www.europesays.com\/fr\/wp-json\/wp\/v2\/users\/2"}],"replies":[{"embeddable":true,"href":"https:\/\/www.europesays.com\/fr\/wp-json\/wp\/v2\/comments?post=272535"}],"version-history":[{"count":0,"href":"https:\/\/www.europesays.com\/fr\/wp-json\/wp\/v2\/posts\/272535\/revisions"}],"wp:featuredmedia":[{"embeddable":true,"href":"https:\/\/www.europesays.com\/fr\/wp-json\/wp\/v2\/media\/272536"}],"wp:attachment":[{"href":"https:\/\/www.europesays.com\/fr\/wp-json\/wp\/v2\/media?parent=272535"}],"wp:term":[{"taxonomy":"category","embeddable":true,"href":"https:\/\/www.europesays.com\/fr\/wp-json\/wp\/v2\/categories?post=272535"},{"taxonomy":"post_tag","embeddable":true,"href":"https:\/\/www.europesays.com\/fr\/wp-json\/wp\/v2\/tags?post=272535"}],"curies":[{"name":"wp","href":"https:\/\/api.w.org\/{rel}","templated":true}]}}