{"id":272543,"date":"2025-07-25T10:24:10","date_gmt":"2025-07-25T10:24:10","guid":{"rendered":"https:\/\/www.europesays.com\/fr\/272543\/"},"modified":"2025-07-25T10:24:10","modified_gmt":"2025-07-25T10:24:10","slug":"le-seul-bailleur-en-france-qui-ne-respecte-pas-ses-engagements","status":"publish","type":"post","link":"https:\/\/www.europesays.com\/fr\/272543\/","title":{"rendered":"Le seul bailleur en France qui ne respecte pas ses engagements"},"content":{"rendered":"<p><strong>En f\u00e9vrier vous mettiez les bailleurs sociaux \u00ab\u00a0face \u00e0 leurs responsabilit\u00e9s\u00a0\u00bb en conditionnant leur exon\u00e9ration de taxe fonci\u00e8re \u00e0 la r\u00e9alisation de travaux de surentretien. Trois organismes (CDC habitat, Erillia et 13 Habitat) rest\u00e9s sous surveillance, avaient jusqu\u2019au <a href=\"https:\/\/www.laprovence.com\/article\/region\/7520582528697714\/apres-le-coup-de-pression-la-ministre-juliette-meadel-distribue-bons-et-mauvais-points-aux-bailleurs-a-marseille\" target=\"_blank\" rel=\"noopener\">15\u00a0juillet pour \u00ab\u00a0se reprendre\u00a0\u00bb<\/a>. Quels bailleurs sont finalement sanctionn\u00e9s\u00a0?<\/strong>&#13;\n<\/p>\n<p>Je suis venu \u00e0 Marseille pour faire le bilan de<a href=\"https:\/\/www.laprovence.com\/article\/region\/35704918692222\/visite-de-juliette-meadel-a-marseille-la-ministre-de-la-ville-met-les-bailleurs-face-a-leurs-responsabilites\" target=\"_blank\" rel=\"noopener\"> l\u2019instruction que j\u2019ai prise le 13\u00a0f\u00e9vrier, sur l\u2019abattement de la taxe fonci\u00e8re sur les propri\u00e9t\u00e9s b\u00e2ties (TFPB)<\/a>, qui s\u2019applique \u00e0 toute la France. J\u2019ai annonc\u00e9 cette politique ici et j\u2019en dresse le bilan ici, car Marseille est dans un d\u00e9partement avec de nombreux quartiers prioritaires de la politique de la ville et j\u2019ai ressenti la n\u00e9cessit\u00e9 de r\u00e9pondre aux demandes des \u00e9lus locaux mais aussi des habitants. Aujourd\u2019hui, je peux dire que sur les trois bailleurs cit\u00e9s, il y en a deux avec lesquels nous avons constat\u00e9 de r\u00e9els progr\u00e8s. Erillia et CDC habitat ont fait des efforts et il n\u2019y aura pas de suspension de l\u2019abattement de TFPB pour eux. En revanche, cette suspension concernera 13 Habitat, en particulier pour sa gestion du quartier de Notre-Dame-des-Marins, \u00e0 Martigues. Nationalement, 13 Habitat est le seul bailleur qui n\u2019a pas jou\u00e9 le jeu et dont l\u2019exon\u00e9ration de TFPB est suspendue.<\/p>\n<p><strong>Qu\u2019est-ce qui motive cette d\u00e9cision\u00a0?<\/strong>&#13;\n<\/p>\n<p>Je me suis rendue \u00e0 <a href=\"https:\/\/www.laprovence.com\/article\/societe\/64967732929738\/apres-l-explosion-au-quartier-notre-dame-des-marins-de-martigues-on-ne-dort-pas-on-a-peur\" target=\"_blank\" rel=\"noopener\">Notre-Dame-des-Marins<\/a> et cette r\u00e9sidence incarne les limites de l\u2019acceptable. Les habitants y vivent des situations de d\u00e9gradation insupportables. On est \u00e0 la limite de l\u2019insalubrit\u00e9 dans les parties communes, j\u2019ai en t\u00eate l\u2019\u00e9tat des compteurs \u00e9lectriques, les fuites d\u2019eau\u2026 On n\u2019est pas au niveau de ce qu\u2019un bailleur est l\u00e9gitimement en devoir de fournir comme condition de vie.<\/p>\n","protected":false},"excerpt":{"rendered":"En f\u00e9vrier vous mettiez les bailleurs sociaux \u00ab\u00a0face \u00e0 leurs responsabilit\u00e9s\u00a0\u00bb en conditionnant leur exon\u00e9ration de taxe fonci\u00e8re&hellip;\n","protected":false},"author":2,"featured_media":272544,"comment_status":"","ping_status":"","sticky":false,"template":"","format":"standard","meta":{"footnotes":""},"categories":[2814],"tags":[17,1111,11,1102,1777,674,1011,27,4250,20091,884,32696,3784,12,5912,316,882,25,41197,4824],"class_list":{"0":"post-272543","1":"post","2":"type-post","3":"status-publish","4":"format-standard","5":"has-post-thumbnail","7":"category-marseille","8":"tag-17","9":"tag-actu","10":"tag-actualites","11":"tag-breakingnews","12":"tag-eu","13":"tag-europe","14":"tag-fr","15":"tag-france","16":"tag-habitat","17":"tag-juliette","18":"tag-marseille","19":"tag-meadel","20":"tag-ministre","21":"tag-news","22":"tag-par","23":"tag-politique","24":"tag-provence-alpes-cote-dazur","25":"tag-republique-francaise","26":"tag-sanctionne","27":"tag-ville"},"share_on_mastodon":{"url":"https:\/\/pubeurope.com\/@fr\/114913389030533348","error":""},"_links":{"self":[{"href":"https:\/\/www.europesays.com\/fr\/wp-json\/wp\/v2\/posts\/272543","targetHints":{"allow":["GET"]}}],"collection":[{"href":"https:\/\/www.europesays.com\/fr\/wp-json\/wp\/v2\/posts"}],"about":[{"href":"https:\/\/www.europesays.com\/fr\/wp-json\/wp\/v2\/types\/post"}],"author":[{"embeddable":true,"href":"https:\/\/www.europesays.com\/fr\/wp-json\/wp\/v2\/users\/2"}],"replies":[{"embeddable":true,"href":"https:\/\/www.europesays.com\/fr\/wp-json\/wp\/v2\/comments?post=272543"}],"version-history":[{"count":0,"href":"https:\/\/www.europesays.com\/fr\/wp-json\/wp\/v2\/posts\/272543\/revisions"}],"wp:featuredmedia":[{"embeddable":true,"href":"https:\/\/www.europesays.com\/fr\/wp-json\/wp\/v2\/media\/272544"}],"wp:attachment":[{"href":"https:\/\/www.europesays.com\/fr\/wp-json\/wp\/v2\/media?parent=272543"}],"wp:term":[{"taxonomy":"category","embeddable":true,"href":"https:\/\/www.europesays.com\/fr\/wp-json\/wp\/v2\/categories?post=272543"},{"taxonomy":"post_tag","embeddable":true,"href":"https:\/\/www.europesays.com\/fr\/wp-json\/wp\/v2\/tags?post=272543"}],"curies":[{"name":"wp","href":"https:\/\/api.w.org\/{rel}","templated":true}]}}