{"id":272547,"date":"2025-07-25T10:26:11","date_gmt":"2025-07-25T10:26:11","guid":{"rendered":"https:\/\/www.europesays.com\/fr\/272547\/"},"modified":"2025-07-25T10:26:11","modified_gmt":"2025-07-25T10:26:11","slug":"rhone-que-faire-ce-week-end-nos-bons-plans-dans-lest-lyonnais-3","status":"publish","type":"post","link":"https:\/\/www.europesays.com\/fr\/272547\/","title":{"rendered":"Rh\u00f4ne. Que faire ce week-end ? Nos bons plans dans l\u2019Est lyonnais"},"content":{"rendered":"<p>  Activ\u2019\u00e9t\u00e9 \u00e0 Vaulx-en-Velin<\/p>\n<p>Le programme d\u2019activit\u00e9s sportives, culturelles et de loisirs se poursuit \u00e0 Vaulx-en-Velin cet \u00e9t\u00e9 pour permettre \u00e0 toutes et tous de profiter <a href=\"https:\/\/www.leprogres.fr\/politique\/2023\/09\/26\/38-000-visiteurs-a-activ-ete-2023\" target=\"_blank\" rel=\"nofollow noopener\">des vacances gratuitement.<\/a><\/p>\n<p>Ce samedi 26 juillet, rendez-vous de 16 \u00e0 20 heures pour les 6 ans et plus au parc Elsa-Triolet, avenue du 8-Mai-1945 pour plonger dans la piscine avec des jeux aquatiques, des structures gonflables et des activit\u00e9s sportives. De 19 heures \u00e0 minuit, on pourra poursuivre cette journ\u00e9e au jardin de la Paix et des Libert\u00e9s, rue Condorcet pour participer aux animations propos\u00e9es par MSport en partenariat avec la M\u00e9tropole de Lyon.<\/p>\n<p>  Initiation au skimboard \u00e0 Bron<\/p>\n<p>Envie de d\u00e9couvrir une nouvelle activit\u00e9, accessible et tr\u00e8s fun ? Initiez-vous au skimboard ce samedi de 10 \u00e0 17 heures au <a href=\"https:\/\/www.leprogres.fr\/economie\/2024\/06\/25\/decathlon-a-bron-on-a-un-pic-d-activite-a-chaque-evenement-sportif\" target=\"_blank\" rel=\"nofollow noopener\">Decathlon de Bron<\/a>. Ce qui est fourni : combinaison, encadrement par un animateur dipl\u00f4m\u00e9, bonne humeur, skimboard. Ce qu\u2019il faut apporter : maillot de bain et serviette.<\/p>\n<p>  Une course d\u2019orientation au Grand Parc de Miribel Jonage<\/p>\n<p>\u00c0 L\u2019\u00eeloz, pr\u00e8s du canal de Jonage, \u00e0 hauteur de Meyzieu, les enfants de 6 ans et plus sont invit\u00e9s \u00e0 partir \u00e0 la d\u00e9couverte de l\u2019eau au Grand Parc tout en participant \u00e0 un jeu. \u00c0 la mani\u00e8re d\u2019une course d\u2019orientation dans les jardins, il faudra retrouver les balises et relever de nombreux d\u00e9fis. Objectif : d\u00e9couvrir les paysages aquatiques et les nombreux usages du fleuve du Rh\u00f4ne.<\/p>\n<p class=\"note\">Places limit\u00e9es \u00e0 25 personnes. Prix : 1 euro. De 14 heures \u00e0 15h30 et de 16 heures \u00e0 17h30.<\/p>\n<p>  Comp\u00e9titions de joutes \u00e0 Ternay<\/p>\n<p>Ce week-end a lieu la <a href=\"https:\/\/www.leprogres.fr\/sport\/2025\/07\/24\/ce-week-end-finale-de-la-coupe-de-france-de-joutes-au-bassin-nautique\" target=\"_blank\" rel=\"nofollow noopener\"> finale de la Coupe de France<\/a> de joutes. Quelle \u00e9quipe de durs \u00e0 cuire va emporter le titre ? Pour le savoir et encourager les sportifs, rendez-vous samedi de 14 \u00e0 18 heures et dimanche de 10 \u00e0 19 heures au Bassin de joutes, rue des Sports. C\u2019est organis\u00e9 par la Soci\u00e9t\u00e9 de sauvetage de Ternay et c\u2019est gratuit.<\/p>\n","protected":false},"excerpt":{"rendered":"Activ\u2019\u00e9t\u00e9 \u00e0 Vaulx-en-Velin Le programme d\u2019activit\u00e9s sportives, culturelles et de loisirs se poursuit \u00e0 Vaulx-en-Velin cet \u00e9t\u00e9 pour&hellip;\n","protected":false},"author":2,"featured_media":272548,"comment_status":"","ping_status":"","sticky":false,"template":"","format":"standard","meta":{"footnotes":""},"categories":[1889],"tags":[1111,11,2430,9492,12890,1687,3152,1777,674,1011,27,2428,12497,11155,12,25,21447,5070],"class_list":{"0":"post-272547","1":"post","2":"type-post","3":"status-publish","4":"format-standard","5":"has-post-thumbnail","7":"category-lyon","8":"tag-actu","9":"tag-actualites","10":"tag-auvergne-rhone-alpes","11":"tag-bron","12":"tag-bron-ville","13":"tag-culture-loisirs","14":"tag-edition-est-lyonnais","15":"tag-eu","16":"tag-europe","17":"tag-fr","18":"tag-france","19":"tag-lyon","20":"tag-meyzieu","21":"tag-miribel","22":"tag-news","23":"tag-republique-francaise","24":"tag-ternay","25":"tag-vaulx-en-velin"},"share_on_mastodon":{"url":"https:\/\/pubeurope.com\/@fr\/114913396917152487","error":""},"_links":{"self":[{"href":"https:\/\/www.europesays.com\/fr\/wp-json\/wp\/v2\/posts\/272547","targetHints":{"allow":["GET"]}}],"collection":[{"href":"https:\/\/www.europesays.com\/fr\/wp-json\/wp\/v2\/posts"}],"about":[{"href":"https:\/\/www.europesays.com\/fr\/wp-json\/wp\/v2\/types\/post"}],"author":[{"embeddable":true,"href":"https:\/\/www.europesays.com\/fr\/wp-json\/wp\/v2\/users\/2"}],"replies":[{"embeddable":true,"href":"https:\/\/www.europesays.com\/fr\/wp-json\/wp\/v2\/comments?post=272547"}],"version-history":[{"count":0,"href":"https:\/\/www.europesays.com\/fr\/wp-json\/wp\/v2\/posts\/272547\/revisions"}],"wp:featuredmedia":[{"embeddable":true,"href":"https:\/\/www.europesays.com\/fr\/wp-json\/wp\/v2\/media\/272548"}],"wp:attachment":[{"href":"https:\/\/www.europesays.com\/fr\/wp-json\/wp\/v2\/media?parent=272547"}],"wp:term":[{"taxonomy":"category","embeddable":true,"href":"https:\/\/www.europesays.com\/fr\/wp-json\/wp\/v2\/categories?post=272547"},{"taxonomy":"post_tag","embeddable":true,"href":"https:\/\/www.europesays.com\/fr\/wp-json\/wp\/v2\/tags?post=272547"}],"curies":[{"name":"wp","href":"https:\/\/api.w.org\/{rel}","templated":true}]}}