{"id":272549,"date":"2025-07-25T10:27:10","date_gmt":"2025-07-25T10:27:10","guid":{"rendered":"https:\/\/www.europesays.com\/fr\/272549\/"},"modified":"2025-07-25T10:27:10","modified_gmt":"2025-07-25T10:27:10","slug":"un-ancien-legionnaire-arrete-un-cambrioleur-qui-setait-introduit-dans-son-domicile","status":"publish","type":"post","link":"https:\/\/www.europesays.com\/fr\/272549\/","title":{"rendered":"un ancien l\u00e9gionnaire arr\u00eate un cambrioleur qui s\u2019\u00e9tait introduit dans son domicile"},"content":{"rendered":"<p>Apr\u00e8s avoir entendu du bruit, le militaire a arr\u00eat\u00e9 un cambrioleur qui s\u2019\u00e9tait introduit dans son domicile situ\u00e9 \u00e0 Saint-Priest.<\/p>\n<p class=\"fig-paragraph\">Un homme sans domicile fixe, \u00e2g\u00e9 d\u2019une vingtaine d\u2019ann\u00e9es, a \u00e9t\u00e9 arr\u00eat\u00e9 ce mercredi \u00e0 9h30 dans la cit\u00e9 Berliet, \u00e0\u00a0<a href=\"http:\/\/www.lefigaro.fr\/lyon\/ou-est-passe-tableau-de-richter-estime-a-10-millions-d-euros-que-possede-la-mairie-de-saint-priest-20250112\" data-fig-type=\"NewsFlash\" data-gtm-custom-categorie=\"navigation\" data-gtm-custom-action=\"crossclick\" data-gtm-custom-label=\"Contextuel\" data-gtm-event=\"customEventSPE\" data-fig-domain=\"LEFIGARO\" rel=\"nofollow noopener\" target=\"_blank\">Saint-Priest,<\/a>\u00a0dans la m\u00e9tropole de Lyon. Quelques instants plus t\u00f4t,\u00a0<a href=\"http:\/\/www.lefigaro.fr\/sports\/cyclisme\/tour-de-france\/tour-de-france-un-media-belge-victime-de-cambriolages-a-grenoble-20250724\" data-fig-type=\"NewsFlash\" data-gtm-custom-categorie=\"navigation\" data-gtm-custom-action=\"crossclick\" data-gtm-custom-label=\"Contextuel\" data-gtm-event=\"customEventSPE\" data-fig-domain=\"LEFIGARO\" rel=\"nofollow noopener\" target=\"_blank\">il s\u2019\u00e9tait introduit dans le domicile d\u2019un riverain<\/a>\u00a0o\u00f9 il a essay\u00e9 de voler divers objets avant d\u2019\u00eatre surpris par le propri\u00e9taire des lieux dans une chambre. Ce dernier,\u00a0<a href=\"https:\/\/www.lefigaro.fr\/international\/je-suis-un-homme-de-principe-le-parcours-d-aleksander-legionnaire-du-2e-rei-sur-le-front-du-donbass-20230131\" data-fig-type=\"Article\" data-gtm-custom-categorie=\"navigation\" data-gtm-custom-action=\"crossclick\" data-gtm-custom-label=\"Contextuel\" data-gtm-event=\"customEventSPE\" data-fig-domain=\"LEFIGARO\" rel=\"nofollow noopener\" target=\"_blank\">ancien l\u00e9gionnaire<\/a>, a alors arr\u00eat\u00e9 lui-m\u00eame le voleur.<\/p>\n<p class=\"fig-paragraph\">\u00abJ\u2019ai entendu du bruit en bas. Je suis descendu et j\u2019ai vu un individu dans le salon, en train de voler mes affaires. Je me suis approch\u00e9 tout doucement et je lui ai fonc\u00e9 dessus, pas de chance pour lui, je suis un ancien l\u00e9gionnaire, je l\u2019ai ma\u00eetris\u00e9\u00bb, confie le militaire au\u00a0<a href=\"https:\/\/c.leprogres.fr\/faits-divers-justice\/2025\/07\/24\/pas-de-chance-pour-lui-je-suis-un-ancien-militaire-il-surprend-un-cambrioleur-dans-son-salon-et-l-arrete\" target=\"_blank\" rel=\"sponsored noopener nofollow\" data-gtm-custom-categorie=\"navigation\" data-gtm-custom-action=\"crossclick\" data-gtm-custom-label=\"Contextuel\" data-gtm-event=\"customEventSPE\">Progr\u00e8s<\/a> .<\/p>\n<p>                                    <a class=\"fig-a11y-skip a11y-hidden\" href=\"#fig-a11y-skip-main-inarticle\"><br \/>\n        Passer la publicit\u00e9<br \/>\n    <\/a><\/p>\n<p class=\"fig-paragraph\">Pr\u00e9venues, les forces de l\u2019ordre ont rapidement arr\u00eat\u00e9 l\u2019individu qui a \u00e9t\u00e9 d\u00e9couvert avec deux couteaux dans les poches et plusieurs trousseaux de cl\u00e9s dont celui de la victime. Il a \u00e9t\u00e9 pr\u00e9sent\u00e9 au parquet de Lyon ce jeudi en vue d\u2019une comparution imm\u00e9diate.<\/p>\n","protected":false},"excerpt":{"rendered":"Apr\u00e8s avoir entendu du bruit, le militaire a arr\u00eat\u00e9 un cambrioleur qui s\u2019\u00e9tait introduit dans son domicile situ\u00e9&hellip;\n","protected":false},"author":2,"featured_media":272550,"comment_status":"","ping_status":"","sticky":false,"template":"","format":"standard","meta":{"footnotes":""},"categories":[1889],"tags":[1111,11,2430,1174,1777,674,1011,27,41198,2428,13264,12,25],"class_list":{"0":"post-272549","1":"post","2":"type-post","3":"status-publish","4":"format-standard","5":"has-post-thumbnail","7":"category-lyon","8":"tag-actu","9":"tag-actualites","10":"tag-auvergne-rhone-alpes","11":"tag-cambriolage","12":"tag-eu","13":"tag-europe","14":"tag-fr","15":"tag-france","16":"tag-legion-etrangere","17":"tag-lyon","18":"tag-militaires","19":"tag-news","20":"tag-republique-francaise"},"share_on_mastodon":{"url":"https:\/\/pubeurope.com\/@fr\/114913400753147227","error":""},"_links":{"self":[{"href":"https:\/\/www.europesays.com\/fr\/wp-json\/wp\/v2\/posts\/272549","targetHints":{"allow":["GET"]}}],"collection":[{"href":"https:\/\/www.europesays.com\/fr\/wp-json\/wp\/v2\/posts"}],"about":[{"href":"https:\/\/www.europesays.com\/fr\/wp-json\/wp\/v2\/types\/post"}],"author":[{"embeddable":true,"href":"https:\/\/www.europesays.com\/fr\/wp-json\/wp\/v2\/users\/2"}],"replies":[{"embeddable":true,"href":"https:\/\/www.europesays.com\/fr\/wp-json\/wp\/v2\/comments?post=272549"}],"version-history":[{"count":0,"href":"https:\/\/www.europesays.com\/fr\/wp-json\/wp\/v2\/posts\/272549\/revisions"}],"wp:featuredmedia":[{"embeddable":true,"href":"https:\/\/www.europesays.com\/fr\/wp-json\/wp\/v2\/media\/272550"}],"wp:attachment":[{"href":"https:\/\/www.europesays.com\/fr\/wp-json\/wp\/v2\/media?parent=272549"}],"wp:term":[{"taxonomy":"category","embeddable":true,"href":"https:\/\/www.europesays.com\/fr\/wp-json\/wp\/v2\/categories?post=272549"},{"taxonomy":"post_tag","embeddable":true,"href":"https:\/\/www.europesays.com\/fr\/wp-json\/wp\/v2\/tags?post=272549"}],"curies":[{"name":"wp","href":"https:\/\/api.w.org\/{rel}","templated":true}]}}