{"id":272551,"date":"2025-07-25T10:29:22","date_gmt":"2025-07-25T10:29:22","guid":{"rendered":"https:\/\/www.europesays.com\/fr\/272551\/"},"modified":"2025-07-25T10:29:22","modified_gmt":"2025-07-25T10:29:22","slug":"ces-5-oiseaux-ponctuent-votre-jardin-dun-signal-de-biodiversite","status":"publish","type":"post","link":"https:\/\/www.europesays.com\/fr\/272551\/","title":{"rendered":"Ces 5 oiseaux ponctuent votre jardin d\u2019un signal de biodiversit\u00e9"},"content":{"rendered":"<p itemprop=\"description\">D\u00e9couvrez comment ces esp\u00e8ces d\u2019oiseaux nicheurs signalent l\u2019\u00e9tat fragile de la biodiversit\u00e9 en \u00cele-de-France.<\/p>\n<p>Le chant des oiseaux est toujours un bonheur pour les oreilles, surtout en \u00cele-de-France, o\u00f9 ils sont plus rares que dans les zones rurales. Ces esp\u00e8ces sont souvent m\u00e9connues du grand public et t\u00e9moignent de la richesse, mais aussi de la fragilit\u00e9, de la biodiversit\u00e9 locale. Mais qu\u2019est-ce qui menace r\u00e9ellement ces oiseaux et comment leur pr\u00e9sence peut-elle nous alerter sur l\u2019\u00e9tat de notre environnement ?<\/p>\n<p>   Une expertise collective au service de la biodiversit\u00e9 <\/p>\n<p>Des ornithologues ont d\u00e9cid\u00e9 de <strong>mettre leurs efforts en commun<\/strong> afin de mieux comprendre la situation des oiseaux nicheurs en \u00cele-de-France. Ils ont rassembl\u00e9 de tr\u00e8s nombreuses donn\u00e9es sur 178 <a href=\"https:\/\/monjardinmamaison.maison-travaux.fr\/mon-jardin-ma-maison\/animaux\/oiseaux\/fortes-chaleurs-3-especes-oiseaux-boivent-deux-fois-plus-503240.html\" target=\"_blank\" rel=\"noopener\">esp\u00e8ces d\u00a0\u00bboiseaux<\/a> diff\u00e9rentes qui ont l&rsquo;habitude de se reproduire dans la r\u00e9gion. Ces passionn\u00e9s se sont appuy\u00e9s <strong>sur des programmes de suivi<\/strong> comme le STOC (Suivi temporel des oiseaux communs) et ont pu b\u00e9n\u00e9ficier du soutien technique du Mus\u00e9um national d\u2019Histoire naturelle et de l\u2019Union internationale pour la conservation de la nature.<\/p>\n<p>Gr\u00e2ce \u00e0 ce projet, <strong>une Liste rouge r\u00e9gionale<\/strong> a pu \u00eatre produite. Celle-ci sert principalement \u00e0 \u00e9valuer le risque d&rsquo;extinction de ces esp\u00e8ces en \u00cele-de-France. Il est plus facile de suivre les oiseaux nicheurs que <a href=\"https:\/\/monjardinmamaison.maison-travaux.fr\/mon-jardin-ma-maison\/animaux\/oiseaux\/comment-les-oiseaux-migrateurs-trouvent-ils-leur-chemin-493201.html\" target=\"_blank\" rel=\"noopener\">les migrateurs<\/a>, les donn\u00e9es ne manquent donc pas. Leur reproduction permet notamment de comptabiliser de fa\u00e7on pr\u00e9cise <strong>les populations locales<\/strong>.<\/p>\n<p> La pr\u00e9sence de ces oiseaux dans nos jardins est un signal fort <\/p>\n<p>Parmi les 178 esp\u00e8ces recens\u00e9es dans l&rsquo;\u00e9tude, <strong>151 ont \u00e9t\u00e9 \u00e9valu\u00e9es<\/strong> selon les crit\u00e8res internationaux de l\u2019UICN. Et le moins que l&rsquo;on puisse dire, c&rsquo;est que le constat est assez inqui\u00e9tant : plus d&rsquo;un quart d&rsquo;entre elles sont <a href=\"https:\/\/monjardinmamaison.maison-travaux.fr\/mon-jardin-ma-maison\/animaux\/oiseaux\/cet-oiseau-est-en-danger-et-menace-de-seteindre-dans-quelques-annees-mais-vous-pouvez-peut-etre-le-sauver-498764.html\" target=\"_blank\" rel=\"noopener\">actuellement menac\u00e9es<\/a>. Certains oiseaux rares ont particuli\u00e8rement retenu l&rsquo;attention, car <strong>leur pr\u00e9sence dans les jardins<\/strong> est un signal important.<\/p>\n<p data-start=\"1638\" data-end=\"2048\">La B\u00e9cassine des marais ou le R\u00e2le des gen\u00eats <strong>ont d\u00e9j\u00e0 disparu d&rsquo;\u00cele-de-France<\/strong>, \u00e0 cause, entre autres, de la disparition de leurs habitats, qui sont les zones humides. D&rsquo;autres esp\u00e8ces, comme la Pie-gri\u00e8che \u00e0 t\u00eate rousse, souffrent de l&rsquo;intensification <a href=\"https:\/\/monjardinmamaison.maison-travaux.fr\/mon-jardin-ma-maison\/actualites-jardin\/agriculture-reduire-risque-climatique-230258.html\" target=\"_blank\" rel=\"noopener\">des pratiques agricoles<\/a>. Leur raret\u00e9 t\u00e9moigne de <strong>changements environnementaux profonds<\/strong> dans la r\u00e9gion, auxquels il faut trouver des solutions.<\/p>\n<p> <video width=\"100%\" height=\"360px\" controls=\"\" id=\"player_059a2efc74bed0a93ca35d5948e38d2c\" preload=\"auto\" class=\"video-js vjs-default-skin vjs-big-play-centered\" style=\"display:block; text-align: center; margin-bottom: 4px;\" poster=\"https:\/\/img.youtube.com\/vi\/6Vd4TAe_Xu4?si=e7r-AePm-1gE4g8j\/maxresdefault.jpg\"\/><br \/>\n\t\t\t Des oiseaux menac\u00e9s par de nombreux facteurs <\/p>\n<p>Les oiseaux nicheurs d&rsquo;\u00cele-de-France doivent donc <strong>composer avec un contexte difficile<\/strong>, entre l&rsquo;urbanisation croissante et la fragmentation des habitats naturels (for\u00eats, marais). Ce ne sont pas moins de la moiti\u00e9 <a href=\"https:\/\/monjardinmamaison.maison-travaux.fr\/mon-jardin-ma-maison\/animaux\/oiseaux\/rapace-disparu-annees-1950-vient-reapparaitre-500758.html\" target=\"_blank\" rel=\"noopener\">des rapaces<\/a> qui seraient menac\u00e9s de disparition, ou d\u00e9j\u00e0 disparus, dans la r\u00e9gion. La pr\u00e9sence de ces oiseaux est un bon indicateur : plus il y en a, <strong>mieux se portent les \u00e9cosyst\u00e8mes<\/strong>. Leur d\u00e9clin r\u00e9v\u00e8le au contraire un d\u00e9s\u00e9quilibre pr\u00e9occupant.<\/p>\n<p>La Liste rouge permet de <strong>dresser un \u00e9tat des lieux<\/strong>, mais les ornithologues en ont aussi profit\u00e9 pour faire part de leurs solutions. Aux autorit\u00e9s de les mettre en application ou non, sachant que de nombreux efforts ont d\u00e9j\u00e0 \u00e9t\u00e9 faits dans le domaine. Parmi ces mesures figurent : la sensibilisation du grand public, l&rsquo;adoption de pratiques agricoles plus \u00e9cologiques, <strong>la pr\u00e9servation des zones humides<\/strong>, la cr\u00e9ation d&rsquo;espaces prot\u00e9g\u00e9s&#8230;<\/p>\n","protected":false},"excerpt":{"rendered":"D\u00e9couvrez comment ces esp\u00e8ces d\u2019oiseaux nicheurs signalent l\u2019\u00e9tat fragile de la biodiversit\u00e9 en \u00cele-de-France. Le chant des oiseaux&hellip;\n","protected":false},"author":2,"featured_media":272552,"comment_status":"","ping_status":"","sticky":false,"template":"","format":"standard","meta":{"footnotes":""},"categories":[1592],"tags":[1111,11,1777,674,1011,27,662,12,626,25,729],"class_list":{"0":"post-272551","1":"post","2":"type-post","3":"status-publish","4":"format-standard","5":"has-post-thumbnail","7":"category-ile-de-france","8":"tag-actu","9":"tag-actualites","10":"tag-eu","11":"tag-europe","12":"tag-fr","13":"tag-france","14":"tag-ile-de-france","15":"tag-news","16":"tag-paris","17":"tag-republique-francaise","18":"tag-yout_video"},"share_on_mastodon":{"url":"https:\/\/pubeurope.com\/@fr\/114913408648896292","error":""},"_links":{"self":[{"href":"https:\/\/www.europesays.com\/fr\/wp-json\/wp\/v2\/posts\/272551","targetHints":{"allow":["GET"]}}],"collection":[{"href":"https:\/\/www.europesays.com\/fr\/wp-json\/wp\/v2\/posts"}],"about":[{"href":"https:\/\/www.europesays.com\/fr\/wp-json\/wp\/v2\/types\/post"}],"author":[{"embeddable":true,"href":"https:\/\/www.europesays.com\/fr\/wp-json\/wp\/v2\/users\/2"}],"replies":[{"embeddable":true,"href":"https:\/\/www.europesays.com\/fr\/wp-json\/wp\/v2\/comments?post=272551"}],"version-history":[{"count":0,"href":"https:\/\/www.europesays.com\/fr\/wp-json\/wp\/v2\/posts\/272551\/revisions"}],"wp:featuredmedia":[{"embeddable":true,"href":"https:\/\/www.europesays.com\/fr\/wp-json\/wp\/v2\/media\/272552"}],"wp:attachment":[{"href":"https:\/\/www.europesays.com\/fr\/wp-json\/wp\/v2\/media?parent=272551"}],"wp:term":[{"taxonomy":"category","embeddable":true,"href":"https:\/\/www.europesays.com\/fr\/wp-json\/wp\/v2\/categories?post=272551"},{"taxonomy":"post_tag","embeddable":true,"href":"https:\/\/www.europesays.com\/fr\/wp-json\/wp\/v2\/tags?post=272551"}],"curies":[{"name":"wp","href":"https:\/\/api.w.org\/{rel}","templated":true}]}}