{"id":272559,"date":"2025-07-25T10:33:10","date_gmt":"2025-07-25T10:33:10","guid":{"rendered":"https:\/\/www.europesays.com\/fr\/272559\/"},"modified":"2025-07-25T10:33:10","modified_gmt":"2025-07-25T10:33:10","slug":"direct-jo-de-paris-2024-un-an-apres-forcement-la-nostalgie-nous-gagne","status":"publish","type":"post","link":"https:\/\/www.europesays.com\/fr\/272559\/","title":{"rendered":"DIRECT. JO de Paris 2024 : \u00ab Un an apr\u00e8s, forc\u00e9ment la nostalgie nous gagne \u00bb"},"content":{"rendered":"<p class=\"col subheadline margin_bottom_subheadline\">Il y a un an, la c\u00e9r\u00e9monie d\u2019ouverture des Jeux olympiques de Paris envo\u00fbtait le monde entier, suivie des exploits d\u2019athl\u00e8tes fran\u00e7ais, de L\u00e9on Marchand aux fr\u00e8res Lebrun, en passant par Teddy Riner. Sandrine Lef\u00e8vre, notre sp\u00e9cialiste du service des sports, r\u00e9pondra \u00e0 toutes vos questions ce vendredi 25 juillet \u00e0 partir de 12 h.<\/p>\n<p>Par <a href=\"https:\/\/www.leparisien.fr\/auteur\/sandrine-lefevre\/\" class=\"author_link\" target=\"_blank\" rel=\"noopener\">Sandrine Lef\u00e8vre<\/a>\u00a0<\/p>\n<p>Le 25 juillet 2025 \u00e0 10h32, modifi\u00e9 le 25 juillet 2025 \u00e0 12h29<\/p>\n","protected":false},"excerpt":{"rendered":"Il y a un an, la c\u00e9r\u00e9monie d\u2019ouverture des Jeux olympiques de Paris envo\u00fbtait le monde entier, suivie&hellip;\n","protected":false},"author":2,"featured_media":272560,"comment_status":"","ping_status":"","sticky":false,"template":"","format":"standard","meta":{"footnotes":""},"categories":[1888],"tags":[11,1777,674,1011,27,3237,820,12,26202,626,25],"class_list":{"0":"post-272559","1":"post","2":"type-post","3":"status-publish","4":"format-standard","5":"has-post-thumbnail","7":"category-paris","8":"tag-actualites","9":"tag-eu","10":"tag-europe","11":"tag-fr","12":"tag-france","13":"tag-jo","14":"tag-live","15":"tag-news","16":"tag-nostalgie","17":"tag-paris","18":"tag-republique-francaise"},"share_on_mastodon":{"url":"https:\/\/pubeurope.com\/@fr\/114913424456735222","error":""},"_links":{"self":[{"href":"https:\/\/www.europesays.com\/fr\/wp-json\/wp\/v2\/posts\/272559","targetHints":{"allow":["GET"]}}],"collection":[{"href":"https:\/\/www.europesays.com\/fr\/wp-json\/wp\/v2\/posts"}],"about":[{"href":"https:\/\/www.europesays.com\/fr\/wp-json\/wp\/v2\/types\/post"}],"author":[{"embeddable":true,"href":"https:\/\/www.europesays.com\/fr\/wp-json\/wp\/v2\/users\/2"}],"replies":[{"embeddable":true,"href":"https:\/\/www.europesays.com\/fr\/wp-json\/wp\/v2\/comments?post=272559"}],"version-history":[{"count":0,"href":"https:\/\/www.europesays.com\/fr\/wp-json\/wp\/v2\/posts\/272559\/revisions"}],"wp:featuredmedia":[{"embeddable":true,"href":"https:\/\/www.europesays.com\/fr\/wp-json\/wp\/v2\/media\/272560"}],"wp:attachment":[{"href":"https:\/\/www.europesays.com\/fr\/wp-json\/wp\/v2\/media?parent=272559"}],"wp:term":[{"taxonomy":"category","embeddable":true,"href":"https:\/\/www.europesays.com\/fr\/wp-json\/wp\/v2\/categories?post=272559"},{"taxonomy":"post_tag","embeddable":true,"href":"https:\/\/www.europesays.com\/fr\/wp-json\/wp\/v2\/tags?post=272559"}],"curies":[{"name":"wp","href":"https:\/\/api.w.org\/{rel}","templated":true}]}}