{"id":272564,"date":"2025-07-25T10:36:33","date_gmt":"2025-07-25T10:36:33","guid":{"rendered":"https:\/\/www.europesays.com\/fr\/272564\/"},"modified":"2025-07-25T10:36:33","modified_gmt":"2025-07-25T10:36:33","slug":"donald-trump-vexe-par-un-episode-de-south-park-se-moquant-lui","status":"publish","type":"post","link":"https:\/\/www.europesays.com\/fr\/272564\/","title":{"rendered":"Donald Trump vex\u00e9 par un \u00e9pisode de South Park se moquant lui"},"content":{"rendered":"<p>La Maison Blanche s&rsquo;en est prise jeudi aux cr\u00e9ateurs de South Park apr\u00e8s un \u00e9pisode de la s\u00e9rie satirique moquant ouvertement <a href=\"https:\/\/www.ledauphine.com\/p\/donald-trump\" target=\"_blank\" rel=\"nofollow noopener\">Donald Trump<\/a>, avec une version du pr\u00e9sident am\u00e9ricain g\u00e9n\u00e9r\u00e9e par intelligence artificielle et rampant nu dans le d\u00e9sert. Dans le premier \u00e9pisode de la nouvelle saison, cette r\u00e9plique du pr\u00e9sident supplie \u00e9galement Satan de coucher avec lui, mais le diable repousse ses avances, notamment car son p\u00e9nis est trop petit.<\/p>\n<p>L&rsquo;\u00e9pisode, dans lequel le Trump fictif pi\u00e9tine de nombreux aspects de la vie am\u00e9ricaine, se termine apr\u00e8s que la ville de South Park a conclu un accord financier avec le pr\u00e9sident, incluant un engagement \u00e0 r\u00e9aliser des messages d&rsquo;int\u00e9r\u00eat public. Le court-m\u00e9trage g\u00e9n\u00e9r\u00e9 par intelligence artificielle qui suit &#8211; cens\u00e9 \u00eatre l&rsquo;un de ces messages &#8211; montre un Trump en surpoids titubant dans un d\u00e9sert, tandis qu&rsquo;un narrateur le pr\u00e9sente comme une sorte de J\u00e9sus moderne.<\/p>\n<p>\u00ab Cette s\u00e9rie n&rsquo;est plus pertinente \u00bb<\/p>\n<p>La parodie se termine avec un Trump nu et hagard, alors que le narrateur d\u00e9clare : \u00ab Trump. Son p\u00e9nis est minuscule, mais son amour pour nous est immense \u00bb. Des plaisanteries que la Maison Blanche n&rsquo;a pas appr\u00e9ci\u00e9es. \u00ab Cette s\u00e9rie n&rsquo;est plus pertinente depuis plus de 20 ans et se maintient \u00e0 grand-peine avec des id\u00e9es sans inspiration dans une tentative d\u00e9sesp\u00e9r\u00e9e d&rsquo;attirer l&rsquo;attention \u00bb, a estim\u00e9 une porte-parole, Taylor Rogers.<\/p>\n<p>\u00ab Le pr\u00e9sident Trump a tenu plus de promesses en seulement six mois que n&rsquo;importe quel autre pr\u00e9sident dans l&rsquo;histoire de notre pays, et aucune s\u00e9rie de quatri\u00e8me ordre ne peut compromettre la s\u00e9rie de succ\u00e8s du pr\u00e9sident Trump \u00bb, a-t-elle assur\u00e9. La s\u00e9rie satirique en est \u00e0 sa 27e saison et se porte \u00e0 merveille.<\/p>\n<p>Ses cr\u00e9ateurs Trey Parker et Matt Stone viennent de conclure un accord de 1,5 milliard de dollars avec Paramount, pour que le studio am\u00e9ricain puisse diffuser l&rsquo;int\u00e9gralit\u00e9 de la s\u00e9rie sur sa plateforme de streaming Paramount+ pendant cinq ans dans le monde entier, selon le Los Angeles Times. Ce accord comprend \u00e9galement la production de 50 nouveaux \u00e9pisodes.<\/p>\n<p>Fusion entre Paramount et Skydance<\/p>\n<p>Lors d&rsquo;un panel jeudi au Comic-Con de San Diego, le plus gros festival au monde consacr\u00e9 \u00e0 la pop culture, Matt Stone et Trey Parker ont r\u00e9v\u00e9l\u00e9 les r\u00e9centes discussions internes concernant la repr\u00e9sentation d&rsquo;un faux p\u00e9nis pr\u00e9sidentiel. \u00ab Ils disaient: \u00ab\u00a0Ok, mais on va flouter le p\u00e9nis\u00a0\u00bb. Et moi je disais: \u00ab\u00a0Non, vous n&rsquo;allez pas flouter le p\u00e9nis\u00a0\u00bb \u00bb, a racont\u00e9 Parker au public. Apr\u00e8s \u00ab toute une conversation entre beaucoup d&rsquo;adultes pendant environ quatre&#8230; jours \u00bb, Parker a expliqu\u00e9 qu&rsquo;ils avaient d\u00e9cid\u00e9 d&rsquo;ajouter des yeux au p\u00e9nis pour \u00e9viter qu&rsquo;il soit flout\u00e9.<\/p>\n<p>L&rsquo;acquisition des droits de \u00ab South Park \u00bb intervient \u00e0 un moment d\u00e9licat pour Paramount. Le r\u00e9gulateur am\u00e9ricain des t\u00e9l\u00e9communications, la FCC, a approuv\u00e9 jeudi sa fusion avec la soci\u00e9t\u00e9 de production Skydance, moyennant des changements de ligne \u00e9ditoriale au sein de la cha\u00eene CBS, une condition tr\u00e8s atypique.<\/p>\n<p>L&rsquo;accord intervient au terme d&rsquo;une s\u00e9quence qui aura vu Paramount solder, d\u00e9but juillet, un contentieux judiciaire avec Donald Trump concernant une interview de <a href=\"https:\/\/www.ledauphine.com\/p\/kamala-harris\" target=\"_blank\" rel=\"nofollow noopener\">Kamala Harris<\/a> par CBS, puis annoncer la fin de l&rsquo;\u00e9mission \u00ab The Late Show with Stephen Colbert \u00bb, dont l&rsquo;animateur est tr\u00e8s critique du pr\u00e9sident am\u00e9ricain. Au sein de la gauche am\u00e9ricaine, de nombreuses voix ont d\u00e9nonc\u00e9 ces d\u00e9cisions comme des gages de soumission \u00e0 Donald Trump pour pouvoir r\u00e9aliser la fusion avec Skydance.<\/p>\n","protected":false},"excerpt":{"rendered":"La Maison Blanche s&rsquo;en est prise jeudi aux cr\u00e9ateurs de South Park apr\u00e8s un \u00e9pisode de la s\u00e9rie&hellip;\n","protected":false},"author":2,"featured_media":272565,"comment_status":"","ping_status":"","sticky":false,"template":"","format":"standard","meta":{"footnotes":""},"categories":[1589],"tags":[11,73,1866,107,329,1757,12,316,2205,1864,1865,1863,308],"class_list":{"0":"post-272564","1":"post","2":"type-post","3":"status-publish","4":"format-standard","5":"has-post-thumbnail","7":"category-etats-unis","8":"tag-actualites","9":"tag-etats-unis","10":"tag-etats-unis-damerique","11":"tag-fil-info","12":"tag-france-monde","13":"tag-insolite","14":"tag-news","15":"tag-politique","16":"tag-television-medias","17":"tag-united-states","18":"tag-united-states-of-america","19":"tag-us","20":"tag-usa"},"share_on_mastodon":{"url":"https:\/\/pubeurope.com\/@fr\/114913436215442666","error":""},"_links":{"self":[{"href":"https:\/\/www.europesays.com\/fr\/wp-json\/wp\/v2\/posts\/272564","targetHints":{"allow":["GET"]}}],"collection":[{"href":"https:\/\/www.europesays.com\/fr\/wp-json\/wp\/v2\/posts"}],"about":[{"href":"https:\/\/www.europesays.com\/fr\/wp-json\/wp\/v2\/types\/post"}],"author":[{"embeddable":true,"href":"https:\/\/www.europesays.com\/fr\/wp-json\/wp\/v2\/users\/2"}],"replies":[{"embeddable":true,"href":"https:\/\/www.europesays.com\/fr\/wp-json\/wp\/v2\/comments?post=272564"}],"version-history":[{"count":0,"href":"https:\/\/www.europesays.com\/fr\/wp-json\/wp\/v2\/posts\/272564\/revisions"}],"wp:featuredmedia":[{"embeddable":true,"href":"https:\/\/www.europesays.com\/fr\/wp-json\/wp\/v2\/media\/272565"}],"wp:attachment":[{"href":"https:\/\/www.europesays.com\/fr\/wp-json\/wp\/v2\/media?parent=272564"}],"wp:term":[{"taxonomy":"category","embeddable":true,"href":"https:\/\/www.europesays.com\/fr\/wp-json\/wp\/v2\/categories?post=272564"},{"taxonomy":"post_tag","embeddable":true,"href":"https:\/\/www.europesays.com\/fr\/wp-json\/wp\/v2\/tags?post=272564"}],"curies":[{"name":"wp","href":"https:\/\/api.w.org\/{rel}","templated":true}]}}