{"id":272566,"date":"2025-07-25T10:37:10","date_gmt":"2025-07-25T10:37:10","guid":{"rendered":"https:\/\/www.europesays.com\/fr\/272566\/"},"modified":"2025-07-25T10:37:10","modified_gmt":"2025-07-25T10:37:10","slug":"au-royaume-uni-la-reconnaissance-dun-etat-palestinien-nest-pas-une-evidence-pour-keir-starmer-liberation","status":"publish","type":"post","link":"https:\/\/www.europesays.com\/fr\/272566\/","title":{"rendered":"Au Royaume-Uni, la reconnaissance d\u2019un Etat palestinien n\u2019est pas une \u00ab\u00e9vidence\u00bb pour Keir Starmer \u2013 Lib\u00e9ration"},"content":{"rendered":"<p class=\"sc-ksZaOG ehjQrN text-element\">La <a href=\"https:\/\/www.liberation.fr\/international\/moyen-orient\/macron-annonce-que-la-france-va-reconnaitre-letat-de-palestine-en-septembre-20250724_FHPQBFCBPRDYVB4S2YLJCEPWLM\/\" target=\"_blank\" rel=\"noreferrer noopener\" title=\"https:\/\/www.liberation.fr\/international\/moyen-orient\/macron-annonce-que-la-france-va-reconnaitre-letat-de-palestine-en-septembre-20250724_FHPQBFCBPRDYVB4S2YLJCEPWLM\/\">France d\u2019un c\u00f4t\u00e9,<\/a> les Etats-Unis de l\u2019autre, et la tension qui monte \u00e0 domicile : sur la question de la reconnaissance d\u2019un Etat palestinien, Keir Starmer est pris en tenaille. Le Premier ministre britannique doit s\u2019entretenir ce vendredi 25 juillet avec Emmanuel Macron et le chancelier allemand Friedrich Merz, alors que les appels \u00e0 agir se font de plus en plus pressants au sein de son parti, et que Donald Trump arrive en Ecosse pour quelques jours de vacances.<\/p>\n<p class=\"sc-ksZaOG ehjQrN text-element\">Cette semaine, plusieurs \u00e9lus travaillistes ont insist\u00e9 sur l\u2019urgence d\u2019une prise de d\u00e9cision, parmi lesquels le ministre de la Sant\u00e9, Wes Streeting, qui affirmait mardi 22 juillet qu\u2019il fallait reconna\u00eetre l\u2019Etat de Palestine \u00abtant qu\u2019il y avait toujours un Etat palestinien \u00e0 reconna\u00eetre\u00bb. D\u2019autres ministres ont joint leur voix \u00e0 cet appel, tout comme les 59 d\u00e9put\u00e9s Labour qui ont r\u00e9cemment adress\u00e9 une lettre au ministre des Affaires \u00e9trang\u00e8res. Celui-ci s\u2019\u00e9tait content\u00e9 d\u2019agiter la menace de sanctions suppl\u00e9mentaires, tandis que le gouvernement pla\u00e7ait Action Palestine sur la liste des organisations terroristes apr\u00e8s que des activistes ont tagu\u00e9 des avions de l\u2019arm\u00e9e de l\u2019air britanniques.<\/p>\n<p class=\"sc-ksZaOG ehjQrN text-element\">D\u2019autres figures de la gauche tentent de peser sur le d\u00e9bat, comme l\u2019ancien chef du Labour Jeremy Corbyn, qui affirme que les \u00abmots creux\u00bb de Keir Starmer ne l\u2019emp\u00eacheront pas d\u2019\u00eatre \u00abcomplice d\u2019un g\u00e9nocide\u00bb, alors que, exclu du parti travailliste, il lance sa propre formation politique. Ou Sadiq Khan, le maire de Londres, qui a affirm\u00e9 qu\u2019il \u00abne pourrait pas y avoir de solution \u00e0 deux Etats s\u2019il n\u2019y a pas d\u2019Etat viable appel\u00e9 Palestine\u00bb. Une lettre ouverte sign\u00e9e par des d\u00e9put\u00e9s de plusieurs partis doit \u00eatre publi\u00e9e dans l\u2019apr\u00e8s-midi.<\/p>\n<p class=\"sc-ksZaOG ehjQrN text-element\">Le gouvernement britannique insiste qu\u2019il a d\u00e9j\u00e0 fait sa part : contrairement \u00e0 la France, il a sanctionn\u00e9 deux ministres du gouvernement isra\u00e9lien ayant encourag\u00e9 \u00e0 la violence en Cisjordanie, leur imposant une interdiction de voyage et un gel de leurs avoirs au Royaume-Uni en juin. Une partie des licences d\u2019exportation d\u2019armes ont \u00e9t\u00e9 suspendues, tandis que des n\u00e9gociations d\u2019accord commercial ont \u00e9t\u00e9 gel\u00e9es. Mais, si la reconnaissance d\u2019un Etat Palestinien figurait dans les promesses de campagne du Labour en 2024, celle-ci est conditionnelle \u00e0 un accord entre ses deux principaux territoires, Gaza et la Cisjordanie, et se fera, insiste Starmer, \u00ab\u00e0 un moment qui soit le plus propice \u00e0 la paix\u00bb. Le Premier ministre britannique soulignait aussi, plus t\u00f4t dans la semaine, que la reconnaissance de la Palestine par l\u2019Irlande ou l\u2019Espagne n\u2019avaient \u00abpas chang\u00e9 la situation sur le terrain\u00bb.<\/p>\n<p class=\"sc-ksZaOG ehjQrN text-element\">Ce n\u2019est pas la premi\u00e8re fois que Keir Starmer se retrouve en porte-\u00e0-faux avec son parti sur la question de Gaza. En 2023, sa r\u00e9ticence \u00e0 r\u00e9clamer un \u00abcessez-le-feu imm\u00e9diat\u00bb, malgr\u00e9 les appels des \u00e9lus, du maire de Manchester et du leader de la branche \u00e9cossaise du Labour, avait men\u00e9 \u00e0 la d\u00e9mission de dizaines d\u2019\u00e9lus locaux. Aux \u00e9lections suivantes, plusieurs d\u00e9put\u00e9s se faisaient \u00e9lire hors du Labour, sur une plateforme pro-Gaza, pour si\u00e9ger en tant qu\u2019ind\u00e9pendants \u00e0 Westminster.<\/p>\n<p class=\"sc-ksZaOG ehjQrN text-element\">Hasard du calendrier, Donald Trump, alli\u00e9 d\u2019Isra\u00ebl, arrive en Ecosse pour cinq jours de rencontres politiques et de golf. Un autre casse-t\u00eate diplomatique pour Keir Starmer, car le Royaume-Uni est pour l\u2019instant parvenu \u00e0 se m\u00e9nager une relation cordiale avec les Etats-Unis, et entend continuer \u00e0 n\u00e9gocier pour obtenir une r\u00e9duction des droits de douane sur l\u2019acier.<\/p>\n","protected":false},"excerpt":{"rendered":"La France d\u2019un c\u00f4t\u00e9, les Etats-Unis de l\u2019autre, et la tension qui monte \u00e0 domicile : sur la&hellip;\n","protected":false},"author":2,"featured_media":272567,"comment_status":"","ping_status":"","sticky":false,"template":"","format":"standard","meta":{"footnotes":""},"categories":[1588],"tags":[11,1777,674,3522,2581,12,3518,473,1853,1851,1850,1852],"class_list":{"0":"post-272566","1":"post","2":"type-post","3":"status-publish","4":"format-standard","5":"has-post-thumbnail","7":"category-royaume-uni","8":"tag-actualites","9":"tag-eu","10":"tag-europe","11":"tag-guerre-hamas-israel","12":"tag-keir-starmer","13":"tag-news","14":"tag-palestine","15":"tag-royaume-uni","16":"tag-royaume-uni-de-grande-bretagne-et-dirlande-du-nord","17":"tag-uk","18":"tag-united-kingdom","19":"tag-united-kingdom-of-great-britain-and-northern-ireland"},"share_on_mastodon":{"url":"https:\/\/pubeurope.com\/@fr\/114913440151384922","error":""},"_links":{"self":[{"href":"https:\/\/www.europesays.com\/fr\/wp-json\/wp\/v2\/posts\/272566","targetHints":{"allow":["GET"]}}],"collection":[{"href":"https:\/\/www.europesays.com\/fr\/wp-json\/wp\/v2\/posts"}],"about":[{"href":"https:\/\/www.europesays.com\/fr\/wp-json\/wp\/v2\/types\/post"}],"author":[{"embeddable":true,"href":"https:\/\/www.europesays.com\/fr\/wp-json\/wp\/v2\/users\/2"}],"replies":[{"embeddable":true,"href":"https:\/\/www.europesays.com\/fr\/wp-json\/wp\/v2\/comments?post=272566"}],"version-history":[{"count":0,"href":"https:\/\/www.europesays.com\/fr\/wp-json\/wp\/v2\/posts\/272566\/revisions"}],"wp:featuredmedia":[{"embeddable":true,"href":"https:\/\/www.europesays.com\/fr\/wp-json\/wp\/v2\/media\/272567"}],"wp:attachment":[{"href":"https:\/\/www.europesays.com\/fr\/wp-json\/wp\/v2\/media?parent=272566"}],"wp:term":[{"taxonomy":"category","embeddable":true,"href":"https:\/\/www.europesays.com\/fr\/wp-json\/wp\/v2\/categories?post=272566"},{"taxonomy":"post_tag","embeddable":true,"href":"https:\/\/www.europesays.com\/fr\/wp-json\/wp\/v2\/tags?post=272566"}],"curies":[{"name":"wp","href":"https:\/\/api.w.org\/{rel}","templated":true}]}}