{"id":272568,"date":"2025-07-25T10:38:11","date_gmt":"2025-07-25T10:38:11","guid":{"rendered":"https:\/\/www.europesays.com\/fr\/272568\/"},"modified":"2025-07-25T10:38:11","modified_gmt":"2025-07-25T10:38:11","slug":"malgre-la-decision-francaise-berlin-nenvisage-pas-de-reconnaitre-un-etat-palestinien-a-court-terme","status":"publish","type":"post","link":"https:\/\/www.europesays.com\/fr\/272568\/","title":{"rendered":"Malgr\u00e9 la d\u00e9cision fran\u00e7aise, Berlin \u00ab\u00a0n\u2019envisage pas de reconna\u00eetre un \u00c9tat palestinien \u00e0 court terme\u00a0\u00bb"},"content":{"rendered":"<p class=\"paragraph text_align_left lp-f-body-02\">La question divise les pays europ\u00e9ens. Au lendemain de l\u2019annonce d\u2019<a href=\"https:\/\/www.leparisien.fr\/international\/la-france-va-reconnaitre-letat-de-palestine-annonce-emmanuel-macron-24-07-2025-YVFZFDN7R5DOHNLBLHXNNU2AG4.php\" target=\"_self\" rel=\"nofollow noopener\">Emmanuel Macron<\/a> de le faire en septembre \u00e0 l\u2019ONU, le gouvernement allemand indique ce vendredi qu\u2019il \u00ab n\u2019envisage pas de reconna\u00eetre un \u00c9tat palestinien \u00e0 court terme \u00bb.<\/p>\n<p class=\"paragraph text_align_left lp-f-body-02\">Berlin \u00ab continue de consid\u00e9rer la reconnaissance d\u2019un \u00c9tat palestinien comme l\u2019une des derni\u00e8res \u00e9tapes vers la solution \u00e0 deux \u00c9tats \u00bb, pr\u00e9cise dans un communiqu\u00e9 le gouvernement allemand, rappelant que la s\u00e9curit\u00e9 <a href=\"https:\/\/www.leparisien.fr\/international\/reconnaissance-de-letat-de-palestine-par-la-france-israel-etats-unis-arabie-saoudite-les-principales-reactions-25-07-2025-MKUCBHV3DJENRJXDBPKNS3HDAI.php\" target=\"_self\" rel=\"nofollow noopener\">d\u2019Isra\u00ebl<\/a> \u00ab rev\u00eat une importance primordiale \u00bb pour l\u2019Allemagne.<\/p>\n<p>Isra\u00ebl vent debout contre cette d\u00e9cision<\/p>\n<p class=\"paragraph text_align_left lp-f-body-02\">De son c\u00f4t\u00e9, le pr\u00e9sident fran\u00e7ais avait \u00e9crit, ce jeudi dans un courrier adress\u00e9 au Premier ministre de l\u2019Autorit\u00e9 nationale palestinienne Mahmoud Abbas, que \u00ab l\u2019urgence est de concr\u00e9tiser la seule solution viable pour faire droit aux aspirations l\u00e9gitimes du peuple palestinien, mettre fin au terrorisme et \u00e0 la violence sous toutes ses formes, et permettre qu\u2019Isra\u00ebl et l\u2019ensemble des pays de la r\u00e9gion vivent en paix et en s\u00e9curit\u00e9 \u00bb.<\/p>\n<p class=\"paragraph text_align_left lp-f-body-02\">Cette d\u00e9cision fran\u00e7aise \u00ab r\u00e9compense la terreur \u00bb, <a href=\"https:\/\/www.leparisien.fr\/international\/reconnaissance-de-letat-de-palestine-par-la-france-israel-etats-unis-arabie-saoudite-les-principales-reactions-25-07-2025-MKUCBHV3DJENRJXDBPKNS3HDAI.php\" rel=\"nofollow noopener\" target=\"_blank\">a fustig\u00e9 le Premier ministre isra\u00e9lien Benyamin Netanyahou<\/a>, alors que le Hamas souligne de son c\u00f4t\u00e9 une \u00ab \u00e9tape positive \u00bb. Une d\u00e9cision \u00ab imprudente \u00bb servant \u00ab la propagande du Hamas \u00bb, a d\u00e9clar\u00e9 pour sa part le secr\u00e9taire d\u2019\u00c9tat am\u00e9ricain Marco Rubio.<\/p>\n<p class=\"paragraph text_align_left lp-f-body-02\">Au total 147 pays reconnaissent, \u00e0 ce jour, l\u2019\u00c9tat palestinien, dont depuis mai dernier l\u2019Irlande, la Norv\u00e8ge et l\u2019Espagne qui <a href=\"https:\/\/www.leparisien.fr\/international\/israel\/reconnaissance-de-letat-de-palestine-une-question-de-justice-selon-un-ministre-espagnol-26-05-2024-VFIZFY3ZPJFA5P4AT557CB6MT4.php\" rel=\"nofollow noopener\" target=\"_blank\">avaient rejoint une dizaine de pays europ\u00e9ens<\/a>. La France devient le premier pays, membre du G7, \u00e0 faire une telle annonce.<\/p>\n<p class=\"paragraph text_align_left lp-f-body-02\"><b>&gt;&gt; Plus d\u2019informations \u00e0 venir sur leparisien.fr<\/b><\/p>\n","protected":false},"excerpt":{"rendered":"La question divise les pays europ\u00e9ens. Au lendemain de l\u2019annonce d\u2019Emmanuel Macron de le faire en septembre \u00e0&hellip;\n","protected":false},"author":2,"featured_media":272569,"comment_status":"","ping_status":"","sticky":false,"template":"","format":"standard","meta":{"footnotes":""},"categories":[1587],"tags":[11,672,1804,1805,1803,1777,674,1801,14,12,1802],"class_list":{"0":"post-272568","1":"post","2":"type-post","3":"status-publish","4":"format-standard","5":"has-post-thumbnail","7":"category-allemagne","8":"tag-actualites","9":"tag-allemagne","10":"tag-bundesrepublik-deutschland","11":"tag-de","12":"tag-deutschland","13":"tag-eu","14":"tag-europe","15":"tag-germany","16":"tag-international","17":"tag-news","18":"tag-republique-federale-dallemagne"},"share_on_mastodon":{"url":"https:\/\/pubeurope.com\/@fr\/114913444017081968","error":""},"_links":{"self":[{"href":"https:\/\/www.europesays.com\/fr\/wp-json\/wp\/v2\/posts\/272568","targetHints":{"allow":["GET"]}}],"collection":[{"href":"https:\/\/www.europesays.com\/fr\/wp-json\/wp\/v2\/posts"}],"about":[{"href":"https:\/\/www.europesays.com\/fr\/wp-json\/wp\/v2\/types\/post"}],"author":[{"embeddable":true,"href":"https:\/\/www.europesays.com\/fr\/wp-json\/wp\/v2\/users\/2"}],"replies":[{"embeddable":true,"href":"https:\/\/www.europesays.com\/fr\/wp-json\/wp\/v2\/comments?post=272568"}],"version-history":[{"count":0,"href":"https:\/\/www.europesays.com\/fr\/wp-json\/wp\/v2\/posts\/272568\/revisions"}],"wp:featuredmedia":[{"embeddable":true,"href":"https:\/\/www.europesays.com\/fr\/wp-json\/wp\/v2\/media\/272569"}],"wp:attachment":[{"href":"https:\/\/www.europesays.com\/fr\/wp-json\/wp\/v2\/media?parent=272568"}],"wp:term":[{"taxonomy":"category","embeddable":true,"href":"https:\/\/www.europesays.com\/fr\/wp-json\/wp\/v2\/categories?post=272568"},{"taxonomy":"post_tag","embeddable":true,"href":"https:\/\/www.europesays.com\/fr\/wp-json\/wp\/v2\/tags?post=272568"}],"curies":[{"name":"wp","href":"https:\/\/api.w.org\/{rel}","templated":true}]}}