{"id":272579,"date":"2025-07-25T10:44:11","date_gmt":"2025-07-25T10:44:11","guid":{"rendered":"https:\/\/www.europesays.com\/fr\/272579\/"},"modified":"2025-07-25T10:44:11","modified_gmt":"2025-07-25T10:44:11","slug":"un-record-de-participation-pour-la-coupe-des-jardiniers-du-golf-de-cornouaille-a-la-foret-fouesnant","status":"publish","type":"post","link":"https:\/\/www.europesays.com\/fr\/272579\/","title":{"rendered":"Un record de participation pour la Coupe des Jardiniers du golf de Cornouaille \u00e0 La For\u00eat-Fouesnant"},"content":{"rendered":"<p>Dimanche 20 juillet, \u00e0 l\u2019occasion de la Coupe des Jardiniers du golf de Cornouaille \u00e0 La For\u00eat-Fouesnant, les organisateurs, Xavier Le Doeuff le greenkeeper du golf de Cornouaille et son \u00e9quipe de jardiniers ont enregistr\u00e9 un record de participation avec 144 joueurs qui se sont affront\u00e9s en formule scramble \u00e0 quatre. Un bel hommage rendu \u00e0 la qualit\u00e9 des fairways et des greens du parcours du golf forestois. Et ce n\u2019est sans doute pas un hasard si la pluie, absente depuis plusieurs semaines, s\u2019est, elle aussi, invit\u00e9e pour le plus grand plaisir des jardiniers. La comp\u00e9tition a \u00e9t\u00e9 remport\u00e9e par l\u2019\u00e9quipe Simon Colliou, Titouan Le Goc, Yann Le Berre et Thierry Lavialle avec un score de 57 brut.<\/p>\n","protected":false},"excerpt":{"rendered":"Dimanche 20 juillet, \u00e0 l\u2019occasion de la Coupe des Jardiniers du golf de Cornouaille \u00e0 La For\u00eat-Fouesnant, les&hellip;\n","protected":false},"author":2,"featured_media":272580,"comment_status":"","ping_status":"","sticky":false,"template":"","format":"standard","meta":{"footnotes":""},"categories":[1418],"tags":[1011,27,1472,5126,60],"class_list":{"0":"post-272579","1":"post","2":"type-post","3":"status-publish","4":"format-standard","5":"has-post-thumbnail","7":"category-golf","8":"tag-fr","9":"tag-france","10":"tag-golf","11":"tag-la-foret-fouesnant","12":"tag-sports"},"share_on_mastodon":{"url":"https:\/\/pubeurope.com\/@fr\/114913467631414983","error":""},"_links":{"self":[{"href":"https:\/\/www.europesays.com\/fr\/wp-json\/wp\/v2\/posts\/272579","targetHints":{"allow":["GET"]}}],"collection":[{"href":"https:\/\/www.europesays.com\/fr\/wp-json\/wp\/v2\/posts"}],"about":[{"href":"https:\/\/www.europesays.com\/fr\/wp-json\/wp\/v2\/types\/post"}],"author":[{"embeddable":true,"href":"https:\/\/www.europesays.com\/fr\/wp-json\/wp\/v2\/users\/2"}],"replies":[{"embeddable":true,"href":"https:\/\/www.europesays.com\/fr\/wp-json\/wp\/v2\/comments?post=272579"}],"version-history":[{"count":0,"href":"https:\/\/www.europesays.com\/fr\/wp-json\/wp\/v2\/posts\/272579\/revisions"}],"wp:featuredmedia":[{"embeddable":true,"href":"https:\/\/www.europesays.com\/fr\/wp-json\/wp\/v2\/media\/272580"}],"wp:attachment":[{"href":"https:\/\/www.europesays.com\/fr\/wp-json\/wp\/v2\/media?parent=272579"}],"wp:term":[{"taxonomy":"category","embeddable":true,"href":"https:\/\/www.europesays.com\/fr\/wp-json\/wp\/v2\/categories?post=272579"},{"taxonomy":"post_tag","embeddable":true,"href":"https:\/\/www.europesays.com\/fr\/wp-json\/wp\/v2\/tags?post=272579"}],"curies":[{"name":"wp","href":"https:\/\/api.w.org\/{rel}","templated":true}]}}