{"id":272581,"date":"2025-07-25T10:46:13","date_gmt":"2025-07-25T10:46:13","guid":{"rendered":"https:\/\/www.europesays.com\/fr\/272581\/"},"modified":"2025-07-25T10:46:13","modified_gmt":"2025-07-25T10:46:13","slug":"vers-une-sale-nouvelle-pour-les-rouge-et-noir-en-debut-de-saison-prochaine","status":"publish","type":"post","link":"https:\/\/www.europesays.com\/fr\/272581\/","title":{"rendered":"vers une sale nouvelle pour les Rouge et Noir en d\u00e9but de saison prochaine ?"},"content":{"rendered":"<p>Une d\u00e9fense du titre en Top 14 au d\u00e9but de la saison 2025\/2026 sans de nombreux cadres du c\u00f4t\u00e9 du Stade Toulousain ? Il se pourrait que oui, \u00e9tant donn\u00e9 que le club Rouge et Noir devrait bien devoir se passer de nombreux cadres lors du d\u00e9but de la prochaine saison. Le club haut-garonnais a jou\u00e9 une saison 2024\/2025 tr\u00e8s longue, conclue par un nouveau titre en Top 14 au terme d&rsquo;une finale irrespirable face \u00e0 l&rsquo;Union Bordeaux-B\u00e8gles. Les hommes d&rsquo;Ugo Mola ont encore conserv\u00e9 leur titre en Top 14 mais la saison a \u00e9t\u00e9 \u00e9reintante et de nombreux cadres pourraient manquer le d\u00e9but de la prochaine.<\/p>\n<p>Dupont, Ntamack, Mauvaka, &#8230; un nombre d&rsquo;absents impressionnants pour Mola en d\u00e9but de saison ?<\/p>\n<p>D\u00e9j\u00e0, Ugo Mola est certain de devoir se passer de son capitaine Antoine Dupont au d\u00e9but de la saison prochaine. Gravement bless\u00e9 au genou lors du Six Nations, le demi de m\u00eal\u00e9e ne fera son retour \u00e0 la comp\u00e9tition que fin novembre. Mais en plus de Dupont, il devrait avoir d&rsquo;autres absents de taille \u00e0 g\u00e9rer. Il s&rsquo;av\u00e8re que Romain Ntamack ne devrait pas \u00eatre op\u00e9rationnel, lui qui a d\u00e9cid\u00e9 de se faire op\u00e9rer quelques heures apr\u00e8s la finale au niveau de son genou et manquera les premiers matchs. Peato Mauvaka doit \u00e9galement soigner son genou suite \u00e0 sa rupture du ligament crois\u00e9 et manquera la premi\u00e8re partie de saison.<\/p>\n<p>Les Argentins du Stade Toulousain Juan Cruz Mallia, Santiago Chocobares mais potentiellement aussi Efrein Elias devraient \u00eatre retenus pour le Rugby Championship et revenir courant octobre. Et ceux du XV de France pr\u00e9sents lors de la tourn\u00e9e en Nouvelle-Z\u00e9lande, \u00e0 savoir George-Henri Colombe, Paul Mallez, Joshua Brennan et Pierre-Louis Barassi ne reprendront que le 18 ao\u00fbt. Ils devraient \u00eatre trop juste pour la premi\u00e8re journ\u00e9e de Top 14, programm\u00e9e le 6 septembre, tout comme Blair Kinghorn, en tourn\u00e9e avec les Lions. Autant dire qu&rsquo;Ugo Mola ne devrait pas aligner son \u00e9quipe-type tout de suite la saison prochaine.<\/p>\n<p>   Partagez cette info avec vos amis et vos proches en cliquant ici<br \/> Pour r\u00e9sumer<\/p>\n<p>Une d\u00e9fense du titre en Top 14 au d\u00e9but de la saison 2025\/2026 sans de nombreux cadres du c\u00f4t\u00e9 du Stade Toulousain ? Il se pourrait que oui, \u00e9tant donn\u00e9 que le club Rouge et Noir devrait bien devoir se passer de nombreux cadres lors du d\u00e9but de la prochaine saison.<\/p>\n<p>R\u00e9dacteur<\/p>\n<p><img decoding=\"async\" width=\"76\" height=\"76\" loading=\"lazy\" src=\"https:\/\/www.europesays.com\/fr\/wp-content\/uploads\/2025\/06\/logo-victor-willems.jpg\" alt=\"Victor Willems\"\/><\/p>\n","protected":false},"excerpt":{"rendered":"Une d\u00e9fense du titre en Top 14 au d\u00e9but de la saison 2025\/2026 sans de nombreux cadres du&hellip;\n","protected":false},"author":2,"featured_media":272582,"comment_status":"","ping_status":"","sticky":false,"template":"","format":"standard","meta":{"footnotes":""},"categories":[1416],"tags":[1011,27,479,1468,60],"class_list":{"0":"post-272581","1":"post","2":"type-post","3":"status-publish","4":"format-standard","5":"has-post-thumbnail","7":"category-rugby","8":"tag-fr","9":"tag-france","10":"tag-rugby","11":"tag-rugby-football","12":"tag-sports"},"share_on_mastodon":{"url":"https:\/\/pubeurope.com\/@fr\/114913475576520530","error":""},"_links":{"self":[{"href":"https:\/\/www.europesays.com\/fr\/wp-json\/wp\/v2\/posts\/272581","targetHints":{"allow":["GET"]}}],"collection":[{"href":"https:\/\/www.europesays.com\/fr\/wp-json\/wp\/v2\/posts"}],"about":[{"href":"https:\/\/www.europesays.com\/fr\/wp-json\/wp\/v2\/types\/post"}],"author":[{"embeddable":true,"href":"https:\/\/www.europesays.com\/fr\/wp-json\/wp\/v2\/users\/2"}],"replies":[{"embeddable":true,"href":"https:\/\/www.europesays.com\/fr\/wp-json\/wp\/v2\/comments?post=272581"}],"version-history":[{"count":0,"href":"https:\/\/www.europesays.com\/fr\/wp-json\/wp\/v2\/posts\/272581\/revisions"}],"wp:featuredmedia":[{"embeddable":true,"href":"https:\/\/www.europesays.com\/fr\/wp-json\/wp\/v2\/media\/272582"}],"wp:attachment":[{"href":"https:\/\/www.europesays.com\/fr\/wp-json\/wp\/v2\/media?parent=272581"}],"wp:term":[{"taxonomy":"category","embeddable":true,"href":"https:\/\/www.europesays.com\/fr\/wp-json\/wp\/v2\/categories?post=272581"},{"taxonomy":"post_tag","embeddable":true,"href":"https:\/\/www.europesays.com\/fr\/wp-json\/wp\/v2\/tags?post=272581"}],"curies":[{"name":"wp","href":"https:\/\/api.w.org\/{rel}","templated":true}]}}