{"id":272583,"date":"2025-07-25T10:47:09","date_gmt":"2025-07-25T10:47:09","guid":{"rendered":"https:\/\/www.europesays.com\/fr\/272583\/"},"modified":"2025-07-25T10:47:09","modified_gmt":"2025-07-25T10:47:09","slug":"daniil-medvedev-corentin-moutet-atp-500-washington-quarts-de-finale-vendredi-25-juillet-2025-lequipe","status":"publish","type":"post","link":"https:\/\/www.europesays.com\/fr\/272583\/","title":{"rendered":"Daniil Medvedev &#8211; Corentin Moutet, ATP 500, Washington, Quarts de finale, Vendredi 25 juillet 2025 &#8211; L&#039;\u00c9quipe"},"content":{"rendered":"<ol>\n<li><a href=\"https:\/\/news.google.com\/rss\/articles\/CBMizgFBVV95cUxNOGlaVXB1d2k3cFBCQnB1XzJBN1UxUTh2TXN0QVJVRXctS0lCRTVwZTZRRnZJbWhmeVRVZU1hcUV6VWJRYmx4LTNHSkVNR2ZDMTVlNjFNWXJiMDJpcDloMHh2UUtNaGRvekE1ZTA2bDdqNE53Ym1vbFNDOXNzSFJXZXNvdnA4VUpKNXE2NUtwN2E1eW9Nd3FtSGFFYnNMTEFzaUowNU43aFQ1dDg3ejdrQnRtX1lzVlFpSEtENDh6dkM4Wjl0dFBRMF9YakpLZw?oc=5\" target=\"_blank\" rel=\"nofollow noopener\">Daniil Medvedev &#8211; Corentin Moutet, ATP 500, Washington, Quarts de finale, Vendredi 25 juillet 2025<\/a>&nbsp;&nbsp;L&rsquo;\u00c9quipe<\/li>\n<li><a href=\"https:\/\/news.google.com\/rss\/articles\/CBMi3wFBVV95cUxNR1hSeDZiUHFweGZxbUdqa3JmWHp5aTJiQl81VVJRQy03ek1EeHFhTjM3OTJCMG85Z1lvV3owVHk4ekJscm5SQndhSTNPX1lpVWFCSU5faWRQM1hGM3dUZGpDcXlKQ0gtRUV5eDlMSHNUYjlaTm80aXFraVkzQ18wSkptcG1UUGNvV3YyZFhObnlKanhtSExnOUtFdWFFOGNWeWtfay1SenFRU19xMnFKSEJhbDdWcmlzZ3hhUlVjSDBsa1RaTy1OdmNkTzRCUVlwTDV3RGFmWXk3NElUSndn?oc=5\" target=\"_blank\" rel=\"nofollow noopener\">Lucky-loser, Corentin Moutet domine Dan Evans et affrontera Daniil Medvedev en quarts \u00e0 Washington<\/a>&nbsp;&nbsp;L&rsquo;\u00c9quipe<\/li>\n<li><a href=\"https:\/\/news.google.com\/rss\/articles\/CBMi-gFBVV95cUxPbVNaWDRudmtBQTd3MS1lMXZrRGVwR0pwSG1aTzUyWjBQWDJqVlVfNG45NzJTel8tNHVjTDJPVmE1Q0hMclNXSG5OWXZoSHhlMnhZTHg0WnhkN0JhTFZacndMbDJSSFU0c0c5T3dwMTRqeEY1SDlqTzhGeDBkN1lHc25wWEtqNVZtTjFmbVZJdTk1SDJCbWpNWjhoZ2kyTnFLWVM0c05BeXFRZmR0dDd2Y0h4X2taSEtGMFp6MzhzcHhJbWpuY2ktNkx1OWI2b3lsTHF0eWUyWmlYeTZuMUlXQ0ZRUm5Md1p3MEZRdUg1c0taa1B5dWd2QjV3?oc=5\" target=\"_blank\" rel=\"nofollow noopener\">ATP Washington &#8211; Le rep\u00each\u00e9 Moutet poursuit sa belle aventure et va se confronter \u00e0 Medvedev<\/a>&nbsp;&nbsp;Eurosport<\/li>\n<li><a href=\"https:\/\/news.google.com\/rss\/articles\/CBMiqwFBVV95cUxNZHhZT3FYR2RHb1hUNWlFb1drOUl6eUxtbFp6YzJ6LVZ5SmlRbHJlR2ppVGxkTGpVQUpHU3RzYnh2MkNGVzRxR2ZZcWNXeVlQN3JabmREcXFHaXo5ekFPdnpRTTRWYmI3VzE4czRKTXpnelpQejhkalVFVTk0TG03ZGc5OUx5cllzWFlDREdWUkpsekJHbGY2alQ0NE8wTERsb3pvRzdRVUhTZUnSAaoBQVVfeXFMUGsxTWxVNjk3RmRIQWtiRVZrNUUwclE5N0xPOUhRaDJrbXkyYWpLQXNGd3VjZ3FTZWpNcEdtQTZkV1pyOTEzanl6cmllSU56WGN1dHd5TndybU1wb2NUY2w3NVkxdDBkamFwVXpsX0w4MWFyaDctM21JRXlEam1tY0ZBVDRWcDJBNDc5WmM2WXlFTGg4X3RVX3BlYUczTDJPZGNpVl94ZXhVQnc?oc=5\" target=\"_blank\" rel=\"nofollow noopener\">ATP &#8211; Washington : Moutet, lucky loser en quarts<\/a>&nbsp;&nbsp;Orange Actualit\u00e9s | Sports<\/li>\n<li><a href=\"https:\/\/news.google.com\/rss\/articles\/CBMihgFBVV95cUxPSHNMSUI5dkY4M2ZvRjlZX0pGem5Ld1hjb3lhQUR2OUFkQUkxSDRUNkdEOXpkSkxMcXZXWmlOUDJkOWtHY1prQkdpQllDaWZGRkNkM2dHcTJBaUFaLTB2cjJ3MlVMMTFEMVcxSF9jMVVCdERPZVB3WDAxUFQwa3FRRWF6RzZKZw?oc=5\" target=\"_blank\" rel=\"nofollow noopener\">Tennis | Le show inadmissible de Corentin Moutet \u00e0 Washington<\/a>&nbsp;&nbsp;FFL<\/li>\n<\/ol>\n","protected":false},"excerpt":{"rendered":"Daniil Medvedev &#8211; Corentin Moutet, ATP 500, Washington, Quarts de finale, Vendredi 25 juillet 2025&nbsp;&nbsp;L&rsquo;\u00c9quipe Lucky-loser, Corentin Moutet&hellip;\n","protected":false},"author":2,"featured_media":1983,"comment_status":"","ping_status":"","sticky":false,"template":"","format":"standard","meta":{"footnotes":""},"categories":[1415],"tags":[1011,27,60,1467],"class_list":{"0":"post-272583","1":"post","2":"type-post","3":"status-publish","4":"format-standard","5":"has-post-thumbnail","7":"category-tennis","8":"tag-fr","9":"tag-france","10":"tag-sports","11":"tag-tennis"},"share_on_mastodon":{"url":"https:\/\/pubeurope.com\/@fr\/114913479328803281","error":""},"_links":{"self":[{"href":"https:\/\/www.europesays.com\/fr\/wp-json\/wp\/v2\/posts\/272583","targetHints":{"allow":["GET"]}}],"collection":[{"href":"https:\/\/www.europesays.com\/fr\/wp-json\/wp\/v2\/posts"}],"about":[{"href":"https:\/\/www.europesays.com\/fr\/wp-json\/wp\/v2\/types\/post"}],"author":[{"embeddable":true,"href":"https:\/\/www.europesays.com\/fr\/wp-json\/wp\/v2\/users\/2"}],"replies":[{"embeddable":true,"href":"https:\/\/www.europesays.com\/fr\/wp-json\/wp\/v2\/comments?post=272583"}],"version-history":[{"count":0,"href":"https:\/\/www.europesays.com\/fr\/wp-json\/wp\/v2\/posts\/272583\/revisions"}],"wp:featuredmedia":[{"embeddable":true,"href":"https:\/\/www.europesays.com\/fr\/wp-json\/wp\/v2\/media\/1983"}],"wp:attachment":[{"href":"https:\/\/www.europesays.com\/fr\/wp-json\/wp\/v2\/media?parent=272583"}],"wp:term":[{"taxonomy":"category","embeddable":true,"href":"https:\/\/www.europesays.com\/fr\/wp-json\/wp\/v2\/categories?post=272583"},{"taxonomy":"post_tag","embeddable":true,"href":"https:\/\/www.europesays.com\/fr\/wp-json\/wp\/v2\/tags?post=272583"}],"curies":[{"name":"wp","href":"https:\/\/api.w.org\/{rel}","templated":true}]}}