{"id":272584,"date":"2025-07-25T10:49:13","date_gmt":"2025-07-25T10:49:13","guid":{"rendered":"https:\/\/www.europesays.com\/fr\/272584\/"},"modified":"2025-07-25T10:49:13","modified_gmt":"2025-07-25T10:49:13","slug":"le-grand-prix-du-japon-prolonge-jusquen-2030","status":"publish","type":"post","link":"https:\/\/www.europesays.com\/fr\/272584\/","title":{"rendered":"le Grand Prix du Japon prolong\u00e9 jusqu\u2019en 2030"},"content":{"rendered":"<p>Les organisateurs du championnat de MotoGP ont annonc\u00e9 la prolongation de contrat du Grand Prix du Japon. Les \u00e9quipes et les pilotes continueront de se rendre \u00e0 Motegi jusqu\u2019en 2030 au minium.<\/p>\n<p class=\"fig-paragraph\">Le Grand Prix du Japon s<a href=\"http:\/\/www.lefigaro.fr\/sports\/autres-sports\/super-formula-en-video-l-enorme-crash-entre-plusieurs-voitures-a-motegi-20230821\" data-fig-type=\"NewsFlash\" data-gtm-custom-categorie=\"navigation\" data-gtm-custom-action=\"crossclick\" data-gtm-custom-label=\"Contextuel\" data-gtm-event=\"customEventSPE\" data-fig-domain=\"LEFIGARO\" target=\"_blank\" rel=\"noopener\">ur le circuit de Motegi<\/a>\u00a0vient d\u2019\u00eatre prolong\u00e9 jusqu\u2019en 2030. C\u2019est la troisi\u00e8me annonce du genre faite par les\u00a0<a href=\"http:\/\/www.lefigaro.fr\/sports\/moto\/apres-la-formule-1-liberty-media-rachete-le-motogp-20250623\" data-fig-type=\"NewsFlash\" data-gtm-custom-categorie=\"navigation\" data-gtm-custom-action=\"crossclick\" data-gtm-custom-label=\"Contextuel\" data-gtm-event=\"customEventSPE\" data-fig-domain=\"LEFIGARO\" target=\"_blank\" rel=\"noopener\">promoteurs du MotoGP<\/a>\u00a0en quelques jours. Le Grand Prix d\u2019Allemagne a d\u00e9j\u00e0 vu son contrat \u00e9tendu jusqu\u2019en 2031 tandis que le retour de l\u2019\u00e9v\u00e8nement \u00e0 Buenos Aires (en Argentine) a \u00e9t\u00e9 act\u00e9 la semaine pass\u00e9e.<\/p>\n<p class=\"fig-paragraph\">Les organisateurs du championnat ont justifi\u00e9 cette d\u00e9cision dans un communiqu\u00e9. \u00abLe Japon est un march\u00e9 \u00e9tabli et important pour ce sport notamment en raison de sa base de fans r\u00e9put\u00e9e dans le monde entier pour son engagement et sa passion du MotoGP. Alors qu\u2019on s\u2019approche de l\u2019annonce du calendrier 2026, les fans peuvent se r\u00e9jouir de cinq nouvelles \u00e9ditions du Grand Prix du Japon, ce qui constituera un moment fort de la tourn\u00e9e asiatique\u00bb.<\/p>\n<p>                                    <a class=\"fig-a11y-skip a11y-hidden\" href=\"#fig-a11y-skip-main-inarticle\"><br \/>\n        Passer la publicit\u00e9<br \/>\n    <\/a><\/p>\n<p>Au calendrier depuis plus de 25 ans<\/p>\n<p class=\"fig-paragraph\">Le circuit de Motegi a \u00e9t\u00e9 construit dans les ann\u00e9es 1990 dans le but de permettre \u00e0 Honda d\u2019effectuer des essais. Sa premi\u00e8re apparition au calendrier de la cat\u00e9gorie reine de la moto date de 1999. Il a d\u00e9finitivement remplac\u00e9 le trac\u00e9 de Suzuka, o\u00f9 se rend toujours la Formule 1, en 2004.<\/p>\n","protected":false},"excerpt":{"rendered":"Les organisateurs du championnat de MotoGP ont annonc\u00e9 la prolongation de contrat du Grand Prix du Japon. Les&hellip;\n","protected":false},"author":2,"featured_media":272585,"comment_status":"","ping_status":"","sticky":false,"template":"","format":"standard","meta":{"footnotes":""},"categories":[1413],"tags":[1680,1011,27,2070,1461,1457,1456,1458,60],"class_list":{"0":"post-272584","1":"post","2":"type-post","3":"status-publish","4":"format-standard","5":"has-post-thumbnail","7":"category-moto","8":"tag-fabio-quartararo","9":"tag-fr","10":"tag-france","11":"tag-japon","12":"tag-marc-marquez","13":"tag-moto","14":"tag-motocycle","15":"tag-motogp","16":"tag-sports"},"share_on_mastodon":{"url":"https:\/\/pubeurope.com\/@fr\/114913487421662533","error":""},"_links":{"self":[{"href":"https:\/\/www.europesays.com\/fr\/wp-json\/wp\/v2\/posts\/272584","targetHints":{"allow":["GET"]}}],"collection":[{"href":"https:\/\/www.europesays.com\/fr\/wp-json\/wp\/v2\/posts"}],"about":[{"href":"https:\/\/www.europesays.com\/fr\/wp-json\/wp\/v2\/types\/post"}],"author":[{"embeddable":true,"href":"https:\/\/www.europesays.com\/fr\/wp-json\/wp\/v2\/users\/2"}],"replies":[{"embeddable":true,"href":"https:\/\/www.europesays.com\/fr\/wp-json\/wp\/v2\/comments?post=272584"}],"version-history":[{"count":0,"href":"https:\/\/www.europesays.com\/fr\/wp-json\/wp\/v2\/posts\/272584\/revisions"}],"wp:featuredmedia":[{"embeddable":true,"href":"https:\/\/www.europesays.com\/fr\/wp-json\/wp\/v2\/media\/272585"}],"wp:attachment":[{"href":"https:\/\/www.europesays.com\/fr\/wp-json\/wp\/v2\/media?parent=272584"}],"wp:term":[{"taxonomy":"category","embeddable":true,"href":"https:\/\/www.europesays.com\/fr\/wp-json\/wp\/v2\/categories?post=272584"},{"taxonomy":"post_tag","embeddable":true,"href":"https:\/\/www.europesays.com\/fr\/wp-json\/wp\/v2\/tags?post=272584"}],"curies":[{"name":"wp","href":"https:\/\/api.w.org\/{rel}","templated":true}]}}