{"id":272588,"date":"2025-07-25T10:51:11","date_gmt":"2025-07-25T10:51:11","guid":{"rendered":"https:\/\/www.europesays.com\/fr\/272588\/"},"modified":"2025-07-25T10:51:11","modified_gmt":"2025-07-25T10:51:11","slug":"un-accord-sur-plusieurs-annees-a-ete-conclu-remco-evenepoel-se-dirige-plus-que-jamais-vers-red-bull-bora-hansgrohe","status":"publish","type":"post","link":"https:\/\/www.europesays.com\/fr\/272588\/","title":{"rendered":"\u00ab\u00a0Un accord sur plusieurs ann\u00e9es a \u00e9t\u00e9 conclu\u00a0\u00bb\u00a0: Remco Evenepoel se dirige plus que jamais vers Red Bull \u2013 Bora \u2013 Hansgrohe"},"content":{"rendered":"<p class=\"ap-StoryElement ap-StoryElement--mb ap-StoryText\"><a href=\"https:\/\/www.dhnet.be\/sports\/cyclisme\/tour-de-france\/2025\/07\/19\/tour-de-france-2025-enorme-coup-dur-pour-remco-evenepoel-qui-abandonne-et-quitte-la-grande-boucle-SBHIUS7WTVDU7IJKLACVZJQHL4\/\" target=\"_self\" rel=\"noopener\">L&rsquo;abandon de Remco Evenepoel sur les routes du Tour de France<\/a> n&rsquo;a visiblement pas frein\u00e9 les ardeurs de la formation Red Bull \u2013 Bora \u2013 Hansgrohe. Alors que le double champion olympique est cit\u00e9 avec insistance du c\u00f4t\u00e9 de l&rsquo;\u00e9quipe allemande, la Gazzetta dello Sport annonce ce vendredi qu&rsquo;un accord a \u00e9t\u00e9 trouv\u00e9 avec le coureur lundi dernier.<\/p>\n<p class=\"ap-StoryElement ap-StoryElement--mb ap-StoryText\">\u00ab\u00a0Un accord sur plusieurs ann\u00e9es (au moins jusqu&rsquo;en 2028), \u00e0 partir de 2026, peut \u00eatre consid\u00e9r\u00e9 comme conclu\u00a0\u00bb, a expliqu\u00e9 le journaliste Ciro Scognamiglio sur X. Une annonce \u00e0 prendre avec prudence puisque l&rsquo;\u00e9quipe Red Bull \u2013 Bora \u2013 Hansgrohe n&rsquo;a pas encore trouv\u00e9 de terrain d&rsquo;entente avec la formation Soudal Quick-Step. Le CEO de l&rsquo;\u00e9quipe belge Jurgen For\u00e9 a d\u00e9clar\u00e9 au journaliste Daniel Benson, que rien n&rsquo;avait \u00e9t\u00e9 sign\u00e9 et que rien n&rsquo;avait chang\u00e9 sur la situation de Remco Evenepoel.<\/p>\n","protected":false},"excerpt":{"rendered":"L&rsquo;abandon de Remco Evenepoel sur les routes du Tour de France n&rsquo;a visiblement pas frein\u00e9 les ardeurs de&hellip;\n","protected":false},"author":2,"featured_media":272589,"comment_status":"","ping_status":"","sticky":false,"template":"","format":"standard","meta":{"footnotes":""},"categories":[1411],"tags":[1154,207,1011,27,18629,60,210],"class_list":{"0":"post-272588","1":"post","2":"type-post","3":"status-publish","4":"format-standard","5":"has-post-thumbnail","7":"category-cyclisme","8":"tag-cycling","9":"tag-cyclisme","10":"tag-fr","11":"tag-france","12":"tag-primoz-roglic","13":"tag-sports","14":"tag-tour-de-france"},"share_on_mastodon":{"url":"https:\/\/pubeurope.com\/@fr\/114913495239853626","error":""},"_links":{"self":[{"href":"https:\/\/www.europesays.com\/fr\/wp-json\/wp\/v2\/posts\/272588","targetHints":{"allow":["GET"]}}],"collection":[{"href":"https:\/\/www.europesays.com\/fr\/wp-json\/wp\/v2\/posts"}],"about":[{"href":"https:\/\/www.europesays.com\/fr\/wp-json\/wp\/v2\/types\/post"}],"author":[{"embeddable":true,"href":"https:\/\/www.europesays.com\/fr\/wp-json\/wp\/v2\/users\/2"}],"replies":[{"embeddable":true,"href":"https:\/\/www.europesays.com\/fr\/wp-json\/wp\/v2\/comments?post=272588"}],"version-history":[{"count":0,"href":"https:\/\/www.europesays.com\/fr\/wp-json\/wp\/v2\/posts\/272588\/revisions"}],"wp:featuredmedia":[{"embeddable":true,"href":"https:\/\/www.europesays.com\/fr\/wp-json\/wp\/v2\/media\/272589"}],"wp:attachment":[{"href":"https:\/\/www.europesays.com\/fr\/wp-json\/wp\/v2\/media?parent=272588"}],"wp:term":[{"taxonomy":"category","embeddable":true,"href":"https:\/\/www.europesays.com\/fr\/wp-json\/wp\/v2\/categories?post=272588"},{"taxonomy":"post_tag","embeddable":true,"href":"https:\/\/www.europesays.com\/fr\/wp-json\/wp\/v2\/tags?post=272588"}],"curies":[{"name":"wp","href":"https:\/\/api.w.org\/{rel}","templated":true}]}}