{"id":272590,"date":"2025-07-25T10:52:13","date_gmt":"2025-07-25T10:52:13","guid":{"rendered":"https:\/\/www.europesays.com\/fr\/272590\/"},"modified":"2025-07-25T10:52:13","modified_gmt":"2025-07-25T10:52:13","slug":"un-retour-de-flamme-du-psg-dans-le-dossier-alexander-isak","status":"publish","type":"post","link":"https:\/\/www.europesays.com\/fr\/272590\/","title":{"rendered":"Un retour de flamme du PSG dans le dossier Alexander Isak ?"},"content":{"rendered":"<p><img width=\"700\" height=\"350\" src=\"https:\/\/www.europesays.com\/fr\/wp-content\/uploads\/2025\/07\/Alexander-Isak.jpg\" class=\"attachment-jannah-image-post size-jannah-image-post wp-post-image\" alt=\"Alexander Isak\" is_main_img=\"1\" decoding=\"async\" fetchpriority=\"high\"  \/><\/p>\n<p>Alexander Isak sera l\u2019un des dossiers chauds du mercato<br \/>\nestival. Avec son souhait de quitter Newcastle, le PSG pourrait<br \/>\nrevenir \u00e0 la charge dans ce dossier.<\/p>\n<p>Si le recrutement d\u2019un attaquant de pointe n\u2019\u00e9tait pas une<br \/>\npriorit\u00e9, l\u2019avenir incertain de <strong><a href=\"https:\/\/canal-supporters.com\/mercato-psg-un-interet-de-lac-milan-pour-goncalo-ramos\/\" title=\"\" target=\"_blank\" rel=\"noopener\">Gon\u00e7alo Ramos<\/a><\/strong> pourrait changer la donne. Ces<br \/>\nderniers mois, le nom d\u2019<strong>Alexander Isak<\/strong> avait \u00e9t\u00e9<br \/>\nannonc\u00e9 dans le viseur du <strong>PSG<\/strong>. Mais ce dossier<br \/>\nsemblait s\u2019\u00eatre refroidi ces derni\u00e8res semaines. Actuellement \u00e0<br \/>\n<strong>Newcastle<\/strong>, l\u2019international su\u00e9dois serait dans le<br \/>\nviseur de l\u2019<strong>Arabie saoudite<\/strong> ou encore de<br \/>\n<strong>Liverpool<\/strong>. Il aurait indiqu\u00e9 \u00e0 ses dirigeants son<br \/>\nsouhait de quitter les <strong>Magpies<\/strong> cet \u00e9t\u00e9.<\/p>\n<p>A voir aussi : <a href=\"https:\/\/canal-supporters.com\/le-psg-ne-ferme-pas-la-porte-a-un-depart-de-goncalo-ramos\/\" title=\"\" target=\"_blank\" rel=\"noopener\">Le PSG ne ferme pas la porte \u00e0 un d\u00e9part de Gon\u00e7alo<br \/>\nRamos<\/a><\/p>\n<p><a href=\"https:\/\/x.com\/CanalSupporters\" target=\"_blank\" rel=\"noopener\" title=\"\">canalsupporters.com<\/a><\/p>\n<p>Sa demande de<br \/>\nd\u00e9part aurait chang\u00e9 la donne<\/p>\n<p>Selon les informations de <a href=\"https:\/\/www.nytimes.com\/athletic\/6513094\/2025\/07\/24\/alexander-isak-transfer-liverpool-saudi-arabia\/?source=twitteruk\" target=\"_blank\" rel=\"noopener\" title=\"\">The Athletic<\/a>, si<br \/>\nun club peut se permettre de s\u2019offrir <strong>Alexander<br \/>\nIsak<\/strong>, c\u2019est bien le <strong>PSG<\/strong>. Le m\u00e9dia indique<br \/>\nqu\u2019au d\u00e9but de ce mercato, <strong>Alexander Isak<\/strong> ne<br \/>\nfigurait pas parmi les priorit\u00e9s du <strong>PSG<\/strong>, mais que<br \/>\nson souhait de quitter Newcastle pourrait changer la donne chez les<br \/>\ndirigeants parisiens. Avec le d\u00e9part de <strong><a href=\"https:\/\/canal-supporters.com\/mercato-psg-lac-milan-sinteresse-aussi-a-randal-kolo-muani\/\" title=\"\" target=\"_blank\" rel=\"noopener\">Randal Kolo Muani<\/a><\/strong> et l\u2019avenir incertain de<br \/>\n<strong>Gon\u00e7alo Ramos<\/strong>, le <strong>PSG<\/strong> pourrait se<br \/>\npencher sur l\u2019achat d\u2019un attaquant. Reste \u00e0 savoir si le<br \/>\n<strong>PSG<\/strong> est pr\u00eat \u00e0 investir les 150 millions d\u2019euros<br \/>\ndemand\u00e9s par les <strong>Magpies<\/strong>, indique The<br \/>\nAthletic. Annonc\u00e9 dans le viseur du <strong>PSG<\/strong>,<br \/>\n<strong>Rodrygo<\/strong> ne figure pas dans les plans des<br \/>\ndirigeants parisiens, indique le m\u00e9dia, qui conclut en expliquant<br \/>\nque le prochain joueur qui devrait signer au <strong>PSG<\/strong><br \/>\nserait <strong>Illia Zabarnyi<\/strong>.<\/p><\/p>\n","protected":false},"excerpt":{"rendered":"Alexander Isak sera l\u2019un des dossiers chauds du mercato estival. Avec son souhait de quitter Newcastle, le PSG&hellip;\n","protected":false},"author":2,"featured_media":272591,"comment_status":"","ping_status":"","sticky":false,"template":"","format":"standard","meta":{"footnotes":""},"categories":[1410],"tags":[9152,81,787,63,1011,27,41200,1434,1435,19739,626,91,92,93,60,96],"class_list":{"0":"post-272590","1":"post","2":"type-post","3":"status-publish","4":"format-standard","5":"has-post-thumbnail","7":"category-football","8":"tag-alexander-isak","9":"tag-canal-supporters","10":"tag-cs","11":"tag-football","12":"tag-fr","13":"tag-france","14":"tag-isak","15":"tag-mercato","16":"tag-mercato-psg","17":"tag-newcastle","18":"tag-paris","19":"tag-paris-saint-germain","20":"tag-paris-sg","21":"tag-psg","22":"tag-sports","23":"tag-une"},"share_on_mastodon":{"url":"https:\/\/pubeurope.com\/@fr\/114913499154167118","error":""},"_links":{"self":[{"href":"https:\/\/www.europesays.com\/fr\/wp-json\/wp\/v2\/posts\/272590","targetHints":{"allow":["GET"]}}],"collection":[{"href":"https:\/\/www.europesays.com\/fr\/wp-json\/wp\/v2\/posts"}],"about":[{"href":"https:\/\/www.europesays.com\/fr\/wp-json\/wp\/v2\/types\/post"}],"author":[{"embeddable":true,"href":"https:\/\/www.europesays.com\/fr\/wp-json\/wp\/v2\/users\/2"}],"replies":[{"embeddable":true,"href":"https:\/\/www.europesays.com\/fr\/wp-json\/wp\/v2\/comments?post=272590"}],"version-history":[{"count":0,"href":"https:\/\/www.europesays.com\/fr\/wp-json\/wp\/v2\/posts\/272590\/revisions"}],"wp:featuredmedia":[{"embeddable":true,"href":"https:\/\/www.europesays.com\/fr\/wp-json\/wp\/v2\/media\/272591"}],"wp:attachment":[{"href":"https:\/\/www.europesays.com\/fr\/wp-json\/wp\/v2\/media?parent=272590"}],"wp:term":[{"taxonomy":"category","embeddable":true,"href":"https:\/\/www.europesays.com\/fr\/wp-json\/wp\/v2\/categories?post=272590"},{"taxonomy":"post_tag","embeddable":true,"href":"https:\/\/www.europesays.com\/fr\/wp-json\/wp\/v2\/tags?post=272590"}],"curies":[{"name":"wp","href":"https:\/\/api.w.org\/{rel}","templated":true}]}}