{"id":272592,"date":"2025-07-25T10:53:10","date_gmt":"2025-07-25T10:53:10","guid":{"rendered":"https:\/\/www.europesays.com\/fr\/272592\/"},"modified":"2025-07-25T10:53:10","modified_gmt":"2025-07-25T10:53:10","slug":"bun-est-revenu-transforme-le-debut-de-la-legende-de-chinois-marrant-passe-de-la-rue-a-star-du-rire-le-parisien","status":"publish","type":"post","link":"https:\/\/www.europesays.com\/fr\/272592\/","title":{"rendered":"\u00ab Bun est revenu transform\u00e9 \u00bb : le d\u00e9but de la l\u00e9gende de \u00ab Chinois Marrant \u00bb, pass\u00e9 de la rue \u00e0 star du rire &#8211; Le Parisien"},"content":{"rendered":"<ol>\n<li><a href=\"https:\/\/news.google.com\/rss\/articles\/CBMingJBVV95cUxONDFlX01VNFN6ZVYtOVg2V3pEYlVTV3FReVBFbjhLN3FMcjFPRWs1TWVKSTRzR1FHTWE3MExyRGEtRFNHXzYxb3lNUjFLcUtGZ0p5ZXY2VDZIN1JaenpHdlNyaDBLVU1mUjNOUm5rMGdXa3VCbjZlSjlyWVZYR2dFTVU2dThKUGhHa0NzSVBza0I0X3JxanQtcVZhU0xfbE9JYlJPeEl5UnhOdWtKNllrdDhUdDF1Rm5JQmZFelpiVVdTbEZYWjluUXRUVDg5RS1xNVpKcjFjNEFNY3E5Q3Zod1dqdlBSUGZLZDNOejBteVNnTmlVOGJ3dHNUZUpzYWY3QVJublkxclphYTFVS2ZwTE5SOEJyeHdCaEYzVjhn?oc=5\" target=\"_blank\" rel=\"nofollow noopener\">\u00ab Bun est revenu transform\u00e9 \u00bb : le d\u00e9but de la l\u00e9gende de \u00ab Chinois Marrant \u00bb, pass\u00e9 de la rue \u00e0 star du rire<\/a>&nbsp;&nbsp;Le Parisien<\/li>\n<li><a href=\"https:\/\/news.google.com\/rss\/articles\/CBMihgJBVV95cUxQSFdiS21qQy1FRkFnQWhzYzM3VFBURXBTRlJGRFJheUlIbHdMUmJaclV4b1ZoUGJJXzFUUS1RalNnSEUtRGhJSjEyZXlWbDRhUFdkQ19QX182dk02ZW1kSGdSZmNTa1J6ekdfZEUwdGdFdHJxZWhKU0g3MldCeVJHRERaRE80dGxGODJsbVAzdDlzSUhETmMtc2ZqMGpqa29wOGJFNmpFX01nS21RTEJQd25KamNLR1VrRlBpcFVCLXZKYkhPRVV1RjNmTGNTUkw0cU01MWZwOGJwa0c5TGJTeFA3cWJSa2g1SUlIVU9iNGJ5V2R5aU0ydEJlQVRHX0E2WlhNQzRR?oc=5\" target=\"_blank\" rel=\"nofollow noopener\">La l\u00e9gende de \u00ab Chinois marrant \u00bb : \u00ab Bun Hay Mean avait tout pour devenir le prochain Jamel \u00bb<\/a>&nbsp;&nbsp;Le Parisien<\/li>\n<li><a href=\"https:\/\/news.google.com\/rss\/articles\/CBMiuwFBVV95cUxPZ214NUJPOWdIV2tYUzc3dFJXTHBJWkRMN280YVFSVVNvbER0WUthMjY5aVRyWEZIZmI4bDFjR2dIN3J5Q0RWaWFtWW9PTWY5VEZHR25rWmZSSExFMWdhTzI4LXlJeTUzelFWS2NDQ2N2RVgxc3NOaExBZVoyTW03eHFQTVJDYmhxSU5wbXRLWjRFOG44WnI3UElkRHhfSGhva2NXY1JURGF6VVpMNW5CVHg2SzhwZWtQUjFv?oc=5\" target=\"_blank\" rel=\"nofollow noopener\">\u00ab J\u2019ai \u00e9t\u00e9 plus que touch\u00e9 \u00bb : Jamel Debbouze boulevers\u00e9 par la mort de Bun Hay Mean<\/a>&nbsp;&nbsp;Le Figaro<\/li>\n<li><a href=\"https:\/\/news.google.com\/rss\/articles\/CBMi7AFBVV95cUxQWEp1MGhtMVBjNzFRbko0V1NFOUdwVDVzNUpOT1VYaDNQRmR4UEdUMm85NDVNT3RtMURYN25LaEtKeVNBNzI0cGhGdGJNdy1CWWQzZEdtNko3LWVEUlBEWnVDTnhycDIwdDlwTlVwTC1pX1hiaHNqZGRycUp3R0lEeHFTdVl4aldmdzY3MnNqazBjbFZpWDVoMVVmOGcyNGtQN0w3MkJYblA4RGFVbG5vZEd6clpZeExPQWVQMGdwYmZWb1RQVDBhR2I5R2kyUG9qcW8tVXN4dFN4UUt5LU9wNmx6ZFdUYlJHdEZGZQ?oc=5\" target=\"_blank\" rel=\"nofollow noopener\">Le t\u00e9l\u00e9phone et un manche \u00e0 balai retrouv\u00e9s pr\u00e8s du balcon de Bun Hay Mean<\/a>&nbsp;&nbsp;20 Minutes<\/li>\n<li><a href=\"https:\/\/news.google.com\/rss\/articles\/CBMi9AFBVV95cUxPajFhYzZTemZmZHAwQnNMSTlYaXNkLVhyTnhqa29xRExoMzE2SHltTW1mWHhEalZkN2ZnSHg2b3AxVnhLQ3R4MGxHWUNzNGxNZGc1SWZmSGRiUEJQMm9ydHpXZlA0OG9uR3ZlQXE3OU15YkpvTVoyeTJMY2tMbFZ0R3NTcUtEVzRYMmp1UWRhWTZGSFBPd2JEZzdZOTFXTUZ2Rnp5NXBHT3NWYWtVN2dmcnVwU0RzVXBTWWVoVjNnZWhyYTlMTUg1a2JpM2FzM0NNR0lfX2JySWZvWGM2UlY0TXBWYXlOU0w5VkdJLUROM1V5R1No?oc=5\" target=\"_blank\" rel=\"nofollow noopener\">Mort de Bun Hay Mean : la th\u00e8se du suicide \u00e9cart\u00e9e, un t\u00e9l\u00e9phone et un manche \u00e0 balai retrouv\u00e9s dans la goutti\u00e8re<\/a>&nbsp;&nbsp;L&rsquo;Ind\u00e9pendant<\/li>\n<\/ol>\n","protected":false},"excerpt":{"rendered":"\u00ab Bun est revenu transform\u00e9 \u00bb : le d\u00e9but de la l\u00e9gende de \u00ab Chinois Marrant \u00bb, pass\u00e9&hellip;\n","protected":false},"author":2,"featured_media":272593,"comment_status":"","ping_status":"","sticky":false,"template":"","format":"standard","meta":{"footnotes":""},"categories":[1359],"tags":[1687,58,59,1011,27,708,973],"class_list":{"0":"post-272592","1":"post","2":"type-post","3":"status-publish","4":"format-standard","5":"has-post-thumbnail","7":"category-people","8":"tag-culture-loisirs","9":"tag-divertissement","10":"tag-entertainment","11":"tag-fr","12":"tag-france","13":"tag-humour","14":"tag-people"},"share_on_mastodon":{"url":"https:\/\/pubeurope.com\/@fr\/114913503098201030","error":""},"_links":{"self":[{"href":"https:\/\/www.europesays.com\/fr\/wp-json\/wp\/v2\/posts\/272592","targetHints":{"allow":["GET"]}}],"collection":[{"href":"https:\/\/www.europesays.com\/fr\/wp-json\/wp\/v2\/posts"}],"about":[{"href":"https:\/\/www.europesays.com\/fr\/wp-json\/wp\/v2\/types\/post"}],"author":[{"embeddable":true,"href":"https:\/\/www.europesays.com\/fr\/wp-json\/wp\/v2\/users\/2"}],"replies":[{"embeddable":true,"href":"https:\/\/www.europesays.com\/fr\/wp-json\/wp\/v2\/comments?post=272592"}],"version-history":[{"count":0,"href":"https:\/\/www.europesays.com\/fr\/wp-json\/wp\/v2\/posts\/272592\/revisions"}],"wp:featuredmedia":[{"embeddable":true,"href":"https:\/\/www.europesays.com\/fr\/wp-json\/wp\/v2\/media\/272593"}],"wp:attachment":[{"href":"https:\/\/www.europesays.com\/fr\/wp-json\/wp\/v2\/media?parent=272592"}],"wp:term":[{"taxonomy":"category","embeddable":true,"href":"https:\/\/www.europesays.com\/fr\/wp-json\/wp\/v2\/categories?post=272592"},{"taxonomy":"post_tag","embeddable":true,"href":"https:\/\/www.europesays.com\/fr\/wp-json\/wp\/v2\/tags?post=272592"}],"curies":[{"name":"wp","href":"https:\/\/api.w.org\/{rel}","templated":true}]}}