{"id":272594,"date":"2025-07-25T10:54:12","date_gmt":"2025-07-25T10:54:12","guid":{"rendered":"https:\/\/www.europesays.com\/fr\/272594\/"},"modified":"2025-07-25T10:54:12","modified_gmt":"2025-07-25T10:54:12","slug":"a-livourne-des-farceurs-se-paient-les-tetes-de-modigliani-liberation","status":"publish","type":"post","link":"https:\/\/www.europesays.com\/fr\/272594\/","title":{"rendered":"A Livourne, des farceurs se paient les t\u00eates de Modigliani \u2013 Lib\u00e9ration"},"content":{"rendered":"<p class=\"sc-ksZaOG ehjQrN text-element\"><b>Tricheries, bluff, impostures et dissimulations\u2026 De Maradona \u00e0 Retailleau, de Marie-Antoinette \u00e0 Stanley Kubrick, tout l\u2019\u00e9t\u00e9, <\/b><b>Lib\u00e9<\/b><b> brille de mille faux. Tous les \u00e9pisodes de notre s\u00e9rie \u00ab100<\/b> <b>% pur leurre\u00bb <\/b><a href=\"https:\/\/www.liberation.fr\/dossier\/100-pur-leurre\/\" target=\"_blank\" rel=\"noopener\" title=\"https:\/\/www.liberation.fr\/dossier\/100-pur-leurre\/\"><b>\u00e0 retrouver ici<\/b><\/a><b>.<\/b><\/p>\n<p class=\"sc-ksZaOG ehjQrN text-element\">\u00abOn a trouv\u00e9 la t\u00eate de Modi !\u00bb En un instant, ce matin du 24 juillet 1984, le cri de Cesarino Tambellini se r\u00e9pand dans tout Livourne. Comme l\u2019annonce d\u2019un miracle. Depuis sept jours, l\u2019ouvrier quinquag\u00e9naire fait partie de l\u2019\u00e9quipe qui drague le Fosso Reale, le canal qui traverse la cit\u00e9 toscane, \u00e0 la recherche d\u2019une l\u00e9gende. Celle qui se transmet depuis des d\u00e9cennies dans les caf\u00e9s de la ville et qui veut qu\u2019Amedeo Modigliani, l\u2019enfant du pays, ait, en 1909, jet\u00e9 des sculptures dans les foss\u00e9s <a href=\"https:\/\/www.liberation.fr\/culture\/2002\/12\/03\/modigliani-les-paradoxes-d-un-mal-aime_423474\/\" target=\"_blank\" rel=\"noopener\" title=\"https:\/\/www.liberation.fr\/culture\/2002\/12\/03\/modigliani-les-paradoxes-d-un-mal-aime_423474\/\">avant de repartir pour Paris.<\/a> <\/p>\n<p class=\"sc-ksZaOG ehjQrN text-element\">A l\u2019occasion du centenaire de sa naissance en 1884, la mairie communiste du port industriel a organis\u00e9 une r\u00e9trospective \u00e0 la Villa Maria, alors si\u00e8ge du mus\u00e9e local d\u2019art contemporain. Poss\u00e9dant peu d\u2019\u0153uvres originales, sans grands moyens financiers, l\u2019exposition s\u2019intitule \u00abL\u2019autre Mod<\/p>\n","protected":false},"excerpt":{"rendered":"Tricheries, bluff, impostures et dissimulations\u2026 De Maradona \u00e0 Retailleau, de Marie-Antoinette \u00e0 Stanley Kubrick, tout l\u2019\u00e9t\u00e9, Lib\u00e9 brille&hellip;\n","protected":false},"author":2,"featured_media":272595,"comment_status":"","ping_status":"","sticky":false,"template":"","format":"standard","meta":{"footnotes":""},"categories":[1358],"tags":[40682,1348,1384,1385,413,1386,58,59,1011,27,452],"class_list":{"0":"post-272594","1":"post","2":"type-post","3":"status-publish","4":"format-standard","5":"has-post-thumbnail","7":"category-arts-et-design","8":"tag-100-pur-leurre","9":"tag-arts","10":"tag-arts-and-design","11":"tag-arts-et-design","12":"tag-ca-va-mieux-lisant","13":"tag-design","14":"tag-divertissement","15":"tag-entertainment","16":"tag-fr","17":"tag-france","18":"tag-italie"},"share_on_mastodon":{"url":"https:\/\/pubeurope.com\/@fr\/114913506923709155","error":""},"_links":{"self":[{"href":"https:\/\/www.europesays.com\/fr\/wp-json\/wp\/v2\/posts\/272594","targetHints":{"allow":["GET"]}}],"collection":[{"href":"https:\/\/www.europesays.com\/fr\/wp-json\/wp\/v2\/posts"}],"about":[{"href":"https:\/\/www.europesays.com\/fr\/wp-json\/wp\/v2\/types\/post"}],"author":[{"embeddable":true,"href":"https:\/\/www.europesays.com\/fr\/wp-json\/wp\/v2\/users\/2"}],"replies":[{"embeddable":true,"href":"https:\/\/www.europesays.com\/fr\/wp-json\/wp\/v2\/comments?post=272594"}],"version-history":[{"count":0,"href":"https:\/\/www.europesays.com\/fr\/wp-json\/wp\/v2\/posts\/272594\/revisions"}],"wp:featuredmedia":[{"embeddable":true,"href":"https:\/\/www.europesays.com\/fr\/wp-json\/wp\/v2\/media\/272595"}],"wp:attachment":[{"href":"https:\/\/www.europesays.com\/fr\/wp-json\/wp\/v2\/media?parent=272594"}],"wp:term":[{"taxonomy":"category","embeddable":true,"href":"https:\/\/www.europesays.com\/fr\/wp-json\/wp\/v2\/categories?post=272594"},{"taxonomy":"post_tag","embeddable":true,"href":"https:\/\/www.europesays.com\/fr\/wp-json\/wp\/v2\/tags?post=272594"}],"curies":[{"name":"wp","href":"https:\/\/api.w.org\/{rel}","templated":true}]}}