{"id":272596,"date":"2025-07-25T10:55:10","date_gmt":"2025-07-25T10:55:10","guid":{"rendered":"https:\/\/www.europesays.com\/fr\/272596\/"},"modified":"2025-07-25T10:55:10","modified_gmt":"2025-07-25T10:55:10","slug":"les-livres-de-patrick-tudoret-severine-terrier-rene-fregni-notre-selection-de-la-semaine-du-17-juillet","status":"publish","type":"post","link":"https:\/\/www.europesays.com\/fr\/272596\/","title":{"rendered":"Les livres de\u00a0Patrick Tudoret,\u00a0S\u00e9verine Terrier,\u00a0Ren\u00e9 Fr\u00e9gni\u2026 notre s\u00e9lection de la semaine du 17 juillet"},"content":{"rendered":"<p>            L\u2019\u00c9ternit\u00e9, montre en main\u2026, de\u00a0Patrick<br \/>\nTudoret<\/p>\n<p><strong>Carnets.<\/strong> Entre Paris, Vend\u00f4me et<br \/>\nLa\u00a0Rochelle, Patrick Tudoret d\u00e9ploie depuis une trentaine<br \/>\nd\u2019ann\u00e9es une \u0153uvre alti\u00e8re et personnelle compos\u00e9e de romans,<br \/>\nth\u00e9\u00e2tre et essais, qui lui vaut un public d\u2019initi\u00e9s fid\u00e8les.<br \/>\nL\u2019\u00c9ternit\u00e9, montre en main\u2026, son dernier opus, constitue non<br \/>\npas tant un journal que des carnets dans lesquels, entre\u00a02000<br \/>\net\u00a02015, l\u2019auteur a not\u00e9 ce que la vie, l\u2019amiti\u00e9, la<br \/>\nlitt\u00e9rature ou la musique, mais aussi le spectacle du monde, lui<br \/>\nlaissent \u00e0 penser.<\/p>\n<p>On d\u00e9couvre au gr\u00e9 des pages son amour pour des \u00e9crivains rares<br \/>\ncomme Eug\u00e8ne Fromentin, la m\u00e9lancolie lumineuse de Mozart, les vins<br \/>\nde Bourgogne ou du Val de Loire.<\/p>\n<p>Ce vagabondage en toute libert\u00e9, servi par une langue \u00e0 la tenue<br \/>\nadmirable, est l\u2019occasion unique d\u2019une rencontre, tant pour le<br \/>\nlecteur patent\u00e9 de Tudoret, que pour celui qui ferait par ce livre<br \/>\nconnaissance avec son \u0153uvre. Ces carnets prouvent que si la<br \/>\nlitt\u00e9rature est d\u2019abord une affaire de style, ce dernier,<br \/>\nin\u00e9vitablement, r\u00e9v\u00e8le un \u00e9tat de l\u2019\u00e2me. S\u2019y plonger avec<br \/>\nd\u00e9lectation,<\/p>\n","protected":false},"excerpt":{"rendered":"L\u2019\u00c9ternit\u00e9, montre en main\u2026, de\u00a0Patrick Tudoret Carnets. Entre Paris, Vend\u00f4me et La\u00a0Rochelle, Patrick Tudoret d\u00e9ploie depuis une trentaine&hellip;\n","protected":false},"author":2,"featured_media":272597,"comment_status":"","ping_status":"","sticky":false,"template":"","format":"standard","meta":{"footnotes":""},"categories":[1357],"tags":[1379,58,59,1011,27,1380],"class_list":{"0":"post-272596","1":"post","2":"type-post","3":"status-publish","4":"format-standard","5":"has-post-thumbnail","7":"category-livres","8":"tag-books","9":"tag-divertissement","10":"tag-entertainment","11":"tag-fr","12":"tag-france","13":"tag-livres"},"share_on_mastodon":{"url":"https:\/\/pubeurope.com\/@fr\/114913511012312501","error":""},"_links":{"self":[{"href":"https:\/\/www.europesays.com\/fr\/wp-json\/wp\/v2\/posts\/272596","targetHints":{"allow":["GET"]}}],"collection":[{"href":"https:\/\/www.europesays.com\/fr\/wp-json\/wp\/v2\/posts"}],"about":[{"href":"https:\/\/www.europesays.com\/fr\/wp-json\/wp\/v2\/types\/post"}],"author":[{"embeddable":true,"href":"https:\/\/www.europesays.com\/fr\/wp-json\/wp\/v2\/users\/2"}],"replies":[{"embeddable":true,"href":"https:\/\/www.europesays.com\/fr\/wp-json\/wp\/v2\/comments?post=272596"}],"version-history":[{"count":0,"href":"https:\/\/www.europesays.com\/fr\/wp-json\/wp\/v2\/posts\/272596\/revisions"}],"wp:featuredmedia":[{"embeddable":true,"href":"https:\/\/www.europesays.com\/fr\/wp-json\/wp\/v2\/media\/272597"}],"wp:attachment":[{"href":"https:\/\/www.europesays.com\/fr\/wp-json\/wp\/v2\/media?parent=272596"}],"wp:term":[{"taxonomy":"category","embeddable":true,"href":"https:\/\/www.europesays.com\/fr\/wp-json\/wp\/v2\/categories?post=272596"},{"taxonomy":"post_tag","embeddable":true,"href":"https:\/\/www.europesays.com\/fr\/wp-json\/wp\/v2\/tags?post=272596"}],"curies":[{"name":"wp","href":"https:\/\/api.w.org\/{rel}","templated":true}]}}