{"id":272598,"date":"2025-07-25T10:56:10","date_gmt":"2025-07-25T10:56:10","guid":{"rendered":"https:\/\/www.europesays.com\/fr\/272598\/"},"modified":"2025-07-25T10:56:10","modified_gmt":"2025-07-25T10:56:10","slug":"audiences-tv-intervilles-remonte-pour-sa-finale","status":"publish","type":"post","link":"https:\/\/www.europesays.com\/fr\/272598\/","title":{"rendered":"Audiences TV\u00a0: \u00ab\u00a0Intervilles\u00a0\u00bb remonte pour sa finale"},"content":{"rendered":"<p class=\"paragraph text_align_left lp-f-body-02\">\u00ab La Stagiaire \u00bb est loin d\u2019\u00eatre une amatrice du c\u00f4t\u00e9 des audiences. Jeudi soir, la s\u00e9rie de France 3 incarn\u00e9e par Mich\u00e8le Bernier s\u2019impose en f\u00e9d\u00e9rant en moyenne, selon M\u00e9diam\u00e9trie, 2,51 millions de fid\u00e8les avec ses deux premiers \u00e9pisodes en rediffusion de la soir\u00e9e. Cela repr\u00e9sente 16 % de l\u2019ensemble du public. La semaine pass\u00e9e, la fiction fran\u00e7aise avait d\u00e9j\u00e0 rassembl\u00e9 2,6 millions de t\u00e9l\u00e9spectateurs.<\/p>\n<p class=\"paragraph text_align_left lp-f-body-02\">France 2 est juste derri\u00e8re avec la finale en direct d\u2019<a href=\"https:\/\/www.leparisien.fr\/culture-loisirs\/tv\/intervilles-avec-saucisses-geantes-mais-sans-vachettes-dans-les-coulisses-des-dernieres-repetitions-03-07-2025-XWSR5PTIGNGU7HFBCKXZ4LI26A.php\" target=\"_blank\" rel=\"noreferrer nofollow noopener\">\u00ab Intervilles \u00bb<\/a> 2025. 2,40 millions de supporters, soit une part d\u2019audience (PDA) de 17,7 %, ont vibr\u00e9 en regardant l\u2019ultime confrontation entre les villes de Coulanges-l\u00e8s-Nevers, Gap &#8211; <a href=\"https:\/\/www.leparisien.fr\/culture-loisirs\/tv\/cest-notre-coupe-du-monde-a-nous-les-trois-equipes-finalistes-d-intervilles-deja-en-ebullition-24-07-2025-S5VVHN42FRFIJJ5HQCUM6EH3HY.php\" target=\"_blank\" rel=\"noreferrer nofollow noopener\">finalement victorieuse<\/a> &#8211; et Saint-Amand-les-Eaux. \u00c0 noter aussi l\u2019excellent score du programme jeudi soir aupr\u00e8s de la cible commerciale des Femmes responsables des achats \u00e2g\u00e9es de moins de cinquante ans (FRDA-50) avec une part de march\u00e9 de 25,3 %, une performance lui permettant d\u2019\u00eatre leader sur cet indicateur.<\/p>\n<p class=\"paragraph text_align_left lp-f-body-02\">Des scores en hausse (+ 400 000 t\u00e9l\u00e9spectateurs, + 3,7 points de PDA) par rapport \u00e0 la semaine derni\u00e8re, qui permettent \u00e0 <a href=\"https:\/\/www.leparisien.fr\/culture-loisirs\/tv\/nagui-je-reve-dune-saison-2-dintervilles-mais-la-decision-ne-depend-pas-de-moi-24-07-2025-ZDRCIXZUEZAYXOYU3BLR63XUWI.php\" target=\"_blank\" rel=\"noreferrer nofollow noopener\">Nagui, l\u2019animateur et producteur de l\u2019\u00e9mission<\/a>, de pouvoir r\u00eaver \u00e0 une possible saison 2.<\/p>\n<p class=\"paragraph text_align_left lp-f-body-02\">Un peu plus t\u00f4t dans la journ\u00e9e, et toujours sur France 2, l\u2019\u00e9tape du Tour de France passant au mythique col de la Loze a fascin\u00e9 pas moins de 4,82 millions de fans de la Grande Boucle entre 15 heures et 17h30, soit 54,5 % du public. Stratosph\u00e9rique !<\/p>\n<p>TF 1 dans le top 3<\/p>\n<p class=\"paragraph text_align_left lp-f-body-02\">La rediffusion du film \u00ab Un tour chez ma fille \u00bb permet \u00e0 la Une de monter sur le podium. La com\u00e9die fran\u00e7aise port\u00e9e par Josiane Balasko a rassembl\u00e9 2,16 millions de cin\u00e9philes, soit 13,9 % de part d\u2019audience. Sur la cible des FRDA-50, la part de march\u00e9 atteint 19,9 %. Pour sa premi\u00e8re diffusion en juillet 2023, d\u00e9j\u00e0 sur TF 1, le film avait \u00e9t\u00e9 regard\u00e9 par 4,23 millions de personnes.<\/p>\n<p class=\"paragraph text_align_left lp-f-body-02\">\u00c0 un faible niveau, M 6 suit avec \u00ab Arnaques ! \u00bb, le magazine de Julien Courbet, qui n\u2019a int\u00e9ress\u00e9 que 952 500 personnes (6,5 % de PDA) et 10,8 % des FRDA-50.<\/p>\n<p class=\"paragraph text_align_left lp-f-body-02\">Du c\u00f4t\u00e9 du reste des cha\u00eenes, France 5 s\u2019impose avec \u00ab Au bout c\u2019est la mer \u00bb, son magazine d\u2019\u00e9vasion anim\u00e9 par Fran\u00e7ois P\u00e9cheux. 804 000 voyageurs ont regard\u00e9 les deux num\u00e9ros de jeudi soir, soit 5,1 % de PDA.<\/p>\n","protected":false},"excerpt":{"rendered":"\u00ab La Stagiaire \u00bb est loin d\u2019\u00eatre une amatrice du c\u00f4t\u00e9 des audiences. Jeudi soir, la s\u00e9rie de&hellip;\n","protected":false},"author":2,"featured_media":272599,"comment_status":"","ping_status":"","sticky":false,"template":"","format":"standard","meta":{"footnotes":""},"categories":[1356],"tags":[872,58,59,1011,27,252,2205,1364],"class_list":{"0":"post-272598","1":"post","2":"type-post","3":"status-publish","4":"format-standard","5":"has-post-thumbnail","7":"category-television","8":"tag-culture-et-loisirs","9":"tag-divertissement","10":"tag-entertainment","11":"tag-fr","12":"tag-france","13":"tag-television","14":"tag-television-medias","15":"tag-tv"},"share_on_mastodon":{"url":"https:\/\/pubeurope.com\/@fr\/114913515091351167","error":""},"_links":{"self":[{"href":"https:\/\/www.europesays.com\/fr\/wp-json\/wp\/v2\/posts\/272598","targetHints":{"allow":["GET"]}}],"collection":[{"href":"https:\/\/www.europesays.com\/fr\/wp-json\/wp\/v2\/posts"}],"about":[{"href":"https:\/\/www.europesays.com\/fr\/wp-json\/wp\/v2\/types\/post"}],"author":[{"embeddable":true,"href":"https:\/\/www.europesays.com\/fr\/wp-json\/wp\/v2\/users\/2"}],"replies":[{"embeddable":true,"href":"https:\/\/www.europesays.com\/fr\/wp-json\/wp\/v2\/comments?post=272598"}],"version-history":[{"count":0,"href":"https:\/\/www.europesays.com\/fr\/wp-json\/wp\/v2\/posts\/272598\/revisions"}],"wp:featuredmedia":[{"embeddable":true,"href":"https:\/\/www.europesays.com\/fr\/wp-json\/wp\/v2\/media\/272599"}],"wp:attachment":[{"href":"https:\/\/www.europesays.com\/fr\/wp-json\/wp\/v2\/media?parent=272598"}],"wp:term":[{"taxonomy":"category","embeddable":true,"href":"https:\/\/www.europesays.com\/fr\/wp-json\/wp\/v2\/categories?post=272598"},{"taxonomy":"post_tag","embeddable":true,"href":"https:\/\/www.europesays.com\/fr\/wp-json\/wp\/v2\/tags?post=272598"}],"curies":[{"name":"wp","href":"https:\/\/api.w.org\/{rel}","templated":true}]}}