{"id":272600,"date":"2025-07-25T10:57:10","date_gmt":"2025-07-25T10:57:10","guid":{"rendered":"https:\/\/www.europesays.com\/fr\/272600\/"},"modified":"2025-07-25T10:57:10","modified_gmt":"2025-07-25T10:57:10","slug":"vianney-apres-avoir-arrete-la-musique-il-sisole-dans-une-cabane-dans-les-bois-que-se-passe-t-il","status":"publish","type":"post","link":"https:\/\/www.europesays.com\/fr\/272600\/","title":{"rendered":"Vianney\u00a0: apr\u00e8s avoir arr\u00eat\u00e9 la musique, il s\u2019isole dans une cabane dans les bois, que se passe-t-il\u00a0?"},"content":{"rendered":"<p>      R\u00e9sum\u00e9<\/p>\n<p>Vianney a choisi de s\u2019isoler dans une cabane en pleine nature pour se recentrer sur lui-m\u00eame a-t-il assur\u00e9 fin juin. Visiblement, la r\u00e9alit\u00e9 serait bien diff\u00e9rente.<\/p>\n<p>        Sommaire<\/p>\n<p>Il y a quelques mois, les fans de Vianney sont tomb\u00e9s de leur chaise lorsqu&rsquo;ils ont appris que <a href=\"https:\/\/www.public.fr\/vianney-sa-nouvelle-vie-de-charpentier-nest-pas-sans-danger\" target=\"_blank\" rel=\"noopener\">le chanteur de 34 ans<\/a> a d\u00e9cid\u00e9 de <strong>stopper net ses tourn\u00e9es<\/strong> dans le but de passer plus de temps aupr\u00e8s des siens. Toutefois, ces derniers ont vite \u00e9t\u00e9 rassur\u00e9s car <a href=\"https:\/\/www.public.fr\/the-voice-vianney-claque-la-porte-pour-de-bon\" target=\"_blank\" rel=\"noopener\">l&rsquo;artiste<\/a> n&rsquo;a absolument pas disparu des \u00e9crans radars. Au contraire m\u00eame\u2026 Coach de \u00ab\u00a0The Voice\u00a0\u00bb sur TF1, aper\u00e7u <strong>dans les tribunes de Roland Garros<\/strong> aux c\u00f4t\u00e9s de sa femme Catherine Robert, inauguration de<strong> sa <a href=\"https:\/\/www.public.fr\/grevin-quelques-jours-apres-la-revelation-de-la-statue-de-vianney-le-vol\" target=\"_blank\" rel=\"noopener\">statue au Mus\u00e9e Gr\u00e9vin<\/a><\/strong>\u2026 Vianney a m\u00eame pris le temps d&rsquo;\u00e9crire une chanson pour \u00ab\u00a0son pote\u00a0\u00bb Florent Pagny.<\/p>\n<p>Toutefois, le 23\u00a0juin, <a href=\"https:\/\/www.public.fr\/vianney-delaisse-femme-et-enfants-pour-un-diner-en-tres-tres-bonne-compagnie\" target=\"_blank\" rel=\"noopener\">le Palois<\/a> a pris de court tout le monde\u00a0! <strong>Personne ne s&rsquo;attendait \u00e0 \u00e7a<\/strong> et pourtant\u2026 <a href=\"https:\/\/www.public.fr\/je-ne-comprends-pas-les-gitans-en-pleine-emission-vianney-interpelle-son-ami-kendji-et-sagace\" target=\"_blank\" rel=\"noopener\">L&rsquo;ami de Kendji Girac <\/a>a fait <strong>une annonce choc<\/strong> sur Instagram. Tel un ermite, <a href=\"https:\/\/www.public.fr\/ca-a-fait-un-desordre-public-vianney-un-concert-prive-parisien-stoppe-en-urgence\" target=\"_blank\" rel=\"noopener\">le trentenaire<\/a> a d\u00e9cid\u00e9 de s&rsquo;\u00e9loigner de toute forme de civilisation. Ainsi, dans une vid\u00e9o, ce dernier s&rsquo;est adress\u00e9 \u00e0 ses abonn\u00e9s. \u00ab\u00a0\u00c7a fait 5 ans que <strong>je mets tout mon c\u0153ur et tout mon temps au service de projets pour d\u2019autres, avec d\u2019autres<\/strong>\u2026 Et j\u2019ai ador\u00e9 \u00e7a. J\u2019ai aussi essay\u00e9 de transmettre, un petit peu comme j\u2019ai pu\u201d, a-t-il d\u00e9clar\u00e9 en toute franchise.<\/p>\n<p>C&rsquo;est alors que <a href=\"https:\/\/www.public.fr\/vianney-lannonce-que-tout-le-monde-attendait\" target=\"_blank\" rel=\"noopener\">le papa d&rsquo;Edgar<\/a> a ainsi r\u00e9v\u00e9l\u00e9 qu\u2019il ressentait \u201cle <strong>besoin de tourner ces pages<\/strong>\u201d. Son objectif : <strong>se \u00ab\u00a0retrouver un petit peu\u201d.<\/strong> Pour ce faire, <a href=\"https:\/\/www.public.fr\/vianney-ses-proches-eclabousses-par-un-bad-buzz\" target=\"_blank\" rel=\"noopener\">l&rsquo;interpr\u00e8te de Pas l\u00e0<\/a> a pr\u00e9sent\u00e9 son projet. \u201c<strong>Ces prochains mois, j\u2019ai pr\u00e9vu d\u2019\u00eatre plus seul, plus dans le silence, un peu plus loin aussi<\/strong>\u201d, a-t-il l\u00e2ch\u00e9 pr\u00e9sentant son \u201cbureau de ces prochains mois\u201d. \u201cI<strong>l n\u2019y a plus de studio, j\u2019ai pr\u00e9vu ici de construire une cabane, un refuge<\/strong>. Un endroit o\u00f9 je puisse mettre un piano, un lit, une table et que je construise de mes mains (&#8230;) Peut-\u00eatre qu\u2019il faut que je sois un peu charpentier pour r\u00e9apprendre \u00e0 devenir chanteur\u201d, a ajout\u00e9 <a href=\"https:\/\/www.public.fr\/a-bientot-vianney-annonce-quil-va-senfermer-un-moment-dans-une-cabane-sans-sa-femme-et-son-fils\" target=\"_blank\" rel=\"noopener\">l&rsquo;ancien scout<\/a> <strong>suscitant l&rsquo;admiration<\/strong> de beaucoup mais aussi de nombreuses interrogations. <strong>Pourquoi\u00a0?<\/strong><\/p>\n<p>Vianney dans les bois\u00a0: cette aventure ne serait pas si personnelle que \u00e7a<\/p>\n<p>C&rsquo;est ce que r\u00e9v\u00e8lent nos confr\u00e8res de <a href=\"https:\/\/www.voici.fr\/news-people\/info-voici-pourquoi-vianney-sest-il-isole-dans-une-cabane-en-pleine-nature-la-veritable-et-etonnante-raison-808685\" target=\"_blank\" rel=\"noopener\">Voici <\/a>dans leurs colonnes ce vendredi 25\u00a0juillet. En effet, selon eux, Vianney ne serait <strong>pas vraiment seul<\/strong>, livr\u00e9 \u00e0 lui-m\u00eame, au beau milieu de la nature. \u00ab\u00a0S\u2019il sera parfois avec sa famille, <strong>l\u2019interpr\u00e8te de Pas l\u00e0, sera aussi et surtout en compagnie de cam\u00e9ras<\/strong>\u00a0\u00bb peut-on lire dans le magazine. Ainsi, <a href=\"https:\/\/www.google.com\/url?sa=t&amp;source=web&amp;rct=j&amp;opi=89978449&amp;url=https:\/\/vsd.fr\/58572-jen-parle-souvent-a-ma-femme-vianney-fait-de-rares-confidences-sur-son-fils-de-deux-ans-et-sa-difference\/&amp;ved=2ahUKEwjXrPqA09eOAxWsXUEAHWqdBQgQFnoECBYQAQ&amp;usg=AOvVaw09_Xw5cxjddusZxTa2MhJd\" target=\"_blank\" rel=\"noopener\">le compagnon de Catherine Robert<\/a> ne s&rsquo;est pas uniquement lanc\u00e9 dans cette aventure pour retrouver les merveilleuses sensations de ses ann\u00e9es en tant que scout.<\/p>\n<p>Voici r\u00e9v\u00e8le alors qu\u2019il \u00ab\u00a0<strong>pr\u00e9pare un documentaire pour Prime Vid\u00e9o<\/strong> qui le suivra dans l\u2019\u00e9criture de son nouvel album dans la nature\u00a0\u00bb. En revanche, nos confr\u00e8res ne pr\u00e9cisent pas quand ce documentaire est susceptible d&rsquo;\u00eatre diffus\u00e9 sur la plateforme de streaming. D&rsquo;ici l\u00e0, c&rsquo;est donc sur les r\u00e9seaux sociaux du <a href=\"https:\/\/www.google.com\/url?sa=t&amp;source=web&amp;rct=j&amp;opi=89978449&amp;url=https:\/\/vsd.fr\/79843-florent-pagny-et-vianney-lenorme-surprise-malgre-la-maladie\/&amp;ved=2ahUKEwj31K2b1NeOAxWAaEEAHdobJbYQFnoECDUQAQ&amp;usg=AOvVaw2MaJ7xmSGcUxYx0bZdE5n6\" target=\"_blank\" rel=\"noopener\">chanteur <\/a>que ses fans pourront suivre <strong>l&rsquo;avanc\u00e9e des travaux.<\/strong><\/p>\n<p>      Mentionn\u00e9s dans cet article<\/p>\n<p>\u00c0 lire aussi<\/p>\n","protected":false},"excerpt":{"rendered":"R\u00e9sum\u00e9 Vianney a choisi de s\u2019isoler dans une cabane en pleine nature pour se recentrer sur lui-m\u00eame a-t-il&hellip;\n","protected":false},"author":2,"featured_media":272601,"comment_status":"","ping_status":"","sticky":false,"template":"","format":"standard","meta":{"footnotes":""},"categories":[1355],"tags":[2741,1695,5551,58,59,1011,27,1361,873,8475],"class_list":{"0":"post-272600","1":"post","2":"type-post","3":"status-publish","4":"format-standard","5":"has-post-thumbnail","7":"category-musique","8":"tag-aventure","9":"tag-chanson","10":"tag-chanson-francaise","11":"tag-divertissement","12":"tag-entertainment","13":"tag-fr","14":"tag-france","15":"tag-music","16":"tag-musique","17":"tag-vianney"},"share_on_mastodon":{"url":"https:\/\/pubeurope.com\/@fr\/114913518881291491","error":""},"_links":{"self":[{"href":"https:\/\/www.europesays.com\/fr\/wp-json\/wp\/v2\/posts\/272600","targetHints":{"allow":["GET"]}}],"collection":[{"href":"https:\/\/www.europesays.com\/fr\/wp-json\/wp\/v2\/posts"}],"about":[{"href":"https:\/\/www.europesays.com\/fr\/wp-json\/wp\/v2\/types\/post"}],"author":[{"embeddable":true,"href":"https:\/\/www.europesays.com\/fr\/wp-json\/wp\/v2\/users\/2"}],"replies":[{"embeddable":true,"href":"https:\/\/www.europesays.com\/fr\/wp-json\/wp\/v2\/comments?post=272600"}],"version-history":[{"count":0,"href":"https:\/\/www.europesays.com\/fr\/wp-json\/wp\/v2\/posts\/272600\/revisions"}],"wp:featuredmedia":[{"embeddable":true,"href":"https:\/\/www.europesays.com\/fr\/wp-json\/wp\/v2\/media\/272601"}],"wp:attachment":[{"href":"https:\/\/www.europesays.com\/fr\/wp-json\/wp\/v2\/media?parent=272600"}],"wp:term":[{"taxonomy":"category","embeddable":true,"href":"https:\/\/www.europesays.com\/fr\/wp-json\/wp\/v2\/categories?post=272600"},{"taxonomy":"post_tag","embeddable":true,"href":"https:\/\/www.europesays.com\/fr\/wp-json\/wp\/v2\/tags?post=272600"}],"curies":[{"name":"wp","href":"https:\/\/api.w.org\/{rel}","templated":true}]}}