{"id":272604,"date":"2025-07-25T10:59:10","date_gmt":"2025-07-25T10:59:10","guid":{"rendered":"https:\/\/www.europesays.com\/fr\/272604\/"},"modified":"2025-07-25T10:59:10","modified_gmt":"2025-07-25T10:59:10","slug":"avec-la-sedentarite-et-ses-mefaits-nous-assistons-a-lemergence-dune-nouvelle-condition-sociale","status":"publish","type":"post","link":"https:\/\/www.europesays.com\/fr\/272604\/","title":{"rendered":"\u00ab\u00a0Avec la s\u00e9dentarit\u00e9 et ses m\u00e9faits, nous assistons \u00e0\u00a0l\u2019\u00e9mergence d\u2019une nouvelle condition sociale\u00a0\u00bb"},"content":{"rendered":"\n<p class=\"article__paragraph  \">L\u2019\u00e9t\u00e9 2024 restera grav\u00e9 dans nos m\u00e9moires comme un moment de gr\u00e2ce collective. Les exploits de nos athl\u00e8tes lors des Jeux olympiques, l\u2019enthousiasme populaire et la beaut\u00e9 des c\u00e9r\u00e9monies semblaient annoncer une profonde mutation de nos habitudes de vie. Il \u00e9tait l\u00e9gitime d\u2019esp\u00e9rer que cette effervescence sportive inciterait massivement les Fran\u00e7ais \u00e0\u00a0chausser leurs baskets et \u00e0 renouer avec l\u2019activit\u00e9 physique. Les chiffres de la rentr\u00e9e 2024 ont dissip\u00e9 ces illusions\u00a0: les licences sportives n\u2019ont progress\u00e9 que de 5\u00a0%, <a href=\"https:\/\/injep.fr\/publication\/les-licences-sportives-annuelles-au-sortir-des-jeux-de-paris-2024\/#:~:text=Les%20licences%20sportives%20annuelles%20au%20sortir%20des%20Jeux%20de%20Paris%202024,-Collection%20Fiches%20rep%C3%A8res&amp;text=Le%20nombre%20de%20licences%20annuelles,2025%2C%20selon%20des%20estimations%20provisoires\" target=\"_blank\" rel=\"noopener nofollow\" title=\"Nouvelle fen\u00eatre\">selon l\u2019Institut national de la jeunesse et de l\u2019\u00e9ducation populaire<\/a> (Injep). Un fr\u00e9missement, certes, mais d\u00e9risoire face \u00e0 l\u2019ampleur d\u2019une crise sanitaire majeure que nous peinons encore \u00e0 mesurer.<\/p>\n<p class=\"article__paragraph  \">Les donn\u00e9es de l\u2019Agence nationale de s\u00e9curit\u00e9 sanitaire de l\u2019alimentation, de l\u2019environnement et du travail (Anses) <a href=\"https:\/\/www.anses.fr\/fr\/content\/manque-d%E2%80%99activit%C3%A9-physique-et-exc%C3%A8s-de-s%C3%A9dentarit%C3%A9-une-priorit%C3%A9-de-sant%C3%A9-publique#:~:text=95%25%20de%20la%20population%20fran%C3%A7aise,Certaines%20populations%20sont%20plus%20expos%C3%A9es.\" target=\"_blank\" rel=\"noopener nofollow\" title=\"Nouvelle fen\u00eatre\">sont sans appel<\/a>\u00a0: 95\u00a0% de la population adulte fran\u00e7aise est expos\u00e9e \u00e0 un risque de d\u00e9t\u00e9rioration de sa sant\u00e9 faute d\u2019une activit\u00e9 physique suffisante. Alors m\u00eame que nous n\u2019avons jamais dispos\u00e9 d\u2019autant de temps libre, les taux d\u2019activit\u00e9 physique stagnent depuis plusieurs d\u00e9cennies. Cette s\u00e9dentarit\u00e9 massive constitue un facteur d\u00e9terminant dans l\u2019apparition de maladies cardio-vasculaires, de cancers, de diab\u00e8te de type 2, d\u2019ob\u00e9sit\u00e9 et de troubles mentaux, selon l\u2019Injep.<\/p>\n<p class=\"article__paragraph  \">En r\u00e9alit\u00e9, nous assistons \u00e0 l\u2019\u00e9mergence d\u2019une nouvelle condition sociale. Hier, la brutalisation du corps concernait principalement l\u2019ouvrier dans son usine\u00a0; aujourd\u2019hui, elle frappe l\u2019ensemble des citoyens. Nos modes de vie exercent une violence in\u00e9dite sur nos organismes, \u00e9puisant nos corps dans l\u2019immobilit\u00e9 comme jadis dans l\u2019effort physique.<\/p>\n<p>                              Lire aussi la chronique (2023) |  Article r\u00e9serv\u00e9 \u00e0 nos abonn\u00e9s  <a href=\"https:\/\/www.lemonde.fr\/sciences\/article\/2023\/10\/31\/vingt-cinq-minutes-de-sport-par-jour-reduisent-les-mefaits-de-la-sedentarite_6197515_1650684.html\" class=\"js-article-read-also catcher--favoris__link\" data-premium=\"1\" id=\"article-title-3344830\" rel=\"nofollow noopener\" target=\"_blank\">Vingt-cinq minutes de sport par jour r\u00e9duisent les m\u00e9faits de la s\u00e9dentarit\u00e9<\/a>    <\/p>\n<p>   Lire plus tard  <\/p>\n<p class=\"article__paragraph  \">Cette nouvelle condition reproduit et amplifie les in\u00e9galit\u00e9s traditionnelles\u00a0: les adultes \u00e0 faible niveau d\u2019\u00e9tudes et les moins de 45\u00a0ans sont les plus touch\u00e9s par la s\u00e9dentarit\u00e9, tandis que les dipl\u00f4m\u00e9s du sup\u00e9rieur parviennent plus souvent \u00e0 maintenir un niveau d\u2019activit\u00e9 conforme aux\u00a0recommandations. La s\u00e9dentarit\u00e9 devient un marqueur de classe, r\u00e9v\u00e9lant une fracture entre ceux qui ont les moyens culturels et \u00e9conomiques de pr\u00e9server leur sant\u00e9 et les autres.<\/p>\n<p class=\"reading-mode-only \"><strong>Il vous reste 64.96% de cet article \u00e0 lire. La suite est r\u00e9serv\u00e9e aux abonn\u00e9s.<\/strong><\/p>\n","protected":false},"excerpt":{"rendered":"L\u2019\u00e9t\u00e9 2024 restera grav\u00e9 dans nos m\u00e9moires comme un moment de gr\u00e2ce collective. Les exploits de nos athl\u00e8tes&hellip;\n","protected":false},"author":2,"featured_media":272605,"comment_status":"","ping_status":"","sticky":false,"template":"","format":"standard","meta":{"footnotes":""},"categories":[10],"tags":[1011,27,72,71],"class_list":{"0":"post-272604","1":"post","2":"type-post","3":"status-publish","4":"format-standard","5":"has-post-thumbnail","7":"category-sante","8":"tag-fr","9":"tag-france","10":"tag-health","11":"tag-sante"},"share_on_mastodon":{"url":"https:\/\/pubeurope.com\/@fr\/114913527213280002","error":""},"_links":{"self":[{"href":"https:\/\/www.europesays.com\/fr\/wp-json\/wp\/v2\/posts\/272604","targetHints":{"allow":["GET"]}}],"collection":[{"href":"https:\/\/www.europesays.com\/fr\/wp-json\/wp\/v2\/posts"}],"about":[{"href":"https:\/\/www.europesays.com\/fr\/wp-json\/wp\/v2\/types\/post"}],"author":[{"embeddable":true,"href":"https:\/\/www.europesays.com\/fr\/wp-json\/wp\/v2\/users\/2"}],"replies":[{"embeddable":true,"href":"https:\/\/www.europesays.com\/fr\/wp-json\/wp\/v2\/comments?post=272604"}],"version-history":[{"count":0,"href":"https:\/\/www.europesays.com\/fr\/wp-json\/wp\/v2\/posts\/272604\/revisions"}],"wp:featuredmedia":[{"embeddable":true,"href":"https:\/\/www.europesays.com\/fr\/wp-json\/wp\/v2\/media\/272605"}],"wp:attachment":[{"href":"https:\/\/www.europesays.com\/fr\/wp-json\/wp\/v2\/media?parent=272604"}],"wp:term":[{"taxonomy":"category","embeddable":true,"href":"https:\/\/www.europesays.com\/fr\/wp-json\/wp\/v2\/categories?post=272604"},{"taxonomy":"post_tag","embeddable":true,"href":"https:\/\/www.europesays.com\/fr\/wp-json\/wp\/v2\/tags?post=272604"}],"curies":[{"name":"wp","href":"https:\/\/api.w.org\/{rel}","templated":true}]}}