{"id":272613,"date":"2025-07-25T11:04:11","date_gmt":"2025-07-25T11:04:11","guid":{"rendered":"https:\/\/www.europesays.com\/fr\/272613\/"},"modified":"2025-07-25T11:04:11","modified_gmt":"2025-07-25T11:04:11","slug":"donald-trump-senvole-en-ecosse-ce-vendredi-pour-un-week-end-melant-diplomatie-et-interets-prives","status":"publish","type":"post","link":"https:\/\/www.europesays.com\/fr\/272613\/","title":{"rendered":"Donald Trump s\u2019envole en \u00c9cosse ce vendredi pour un week-end m\u00ealant diplomatie et int\u00e9r\u00eats priv\u00e9s"},"content":{"rendered":"<p>Le pr\u00e9sident am\u00e9ricain doit arriver peu apr\u00e8s 19h00 GMT \u00e0 Turnberry, l\u2019un de ses deux complexes de golf o\u00f9 il s\u00e9journera. Son agenda officiel est vide pour samedi et dimanche.<\/p>\n<p class=\"fig-paragraph\"><a href=\"http:\/\/www.lefigaro.fr\/secteur\/high-tech\/avec-son-plan-sur-l-ia-donald-trump-met-du-vent-dans-les-voiles-de-la-tech-americaine-20250723\" target=\"_blank\" data-fig-type=\"Article\" rel=\"noopener nofollow\" data-gtm-custom-categorie=\"navigation\" data-gtm-custom-action=\"crossclick\" data-gtm-custom-label=\"Contextuel\" data-gtm-event=\"customEventSPE\" data-fig-domain=\"LEFIGARO\">Donald Trump<\/a>\u00a0s&rsquo;envole vendredi pour l&rsquo;\u00c9cosse, o\u00f9 il passera un week-end prolong\u00e9 m\u00ealant la diplomatie au golf, un sport dont il est f\u00e9ru et qui est aussi un terrain d&rsquo;investissement pour l&rsquo;entreprise familiale dirig\u00e9e par ses fils. Le pr\u00e9sident am\u00e9ricain doit arriver peu apr\u00e8s 19h00 GMT \u00e0 Turnberry, l&rsquo;un de ses deux complexes de golf o\u00f9 il s\u00e9journera. Son agenda officiel est vide pour samedi et dimanche.<\/p>\n<p class=\"fig-paragraph\">Avant de repartir pour Washington, il s&rsquo;arrachera aux greens pour une rencontre, dont les d\u00e9tails ne sont pas connus, avec le premier ministre britannique\u00a0<a href=\"http:\/\/www.lefigaro.fr\/flash-actu\/royaume-uni-starmer-va-rencontrer-trump-en-visite-privee-en-ecosse-fin-juillet-20250714\" target=\"_blank\" data-fig-type=\"NewsFlash\" rel=\"noopener nofollow\" data-gtm-custom-categorie=\"navigation\" data-gtm-custom-action=\"crossclick\" data-gtm-custom-label=\"Contextuel\" data-gtm-event=\"customEventSPE\" data-fig-domain=\"LEFIGARO\">Keir Starmer<\/a>. Ce dernier n&rsquo;est pas r\u00e9put\u00e9 f\u00e9ru de golf comme le r\u00e9publicain de 79 ans et il aura de toute fa\u00e7on d&rsquo;autres pr\u00e9occupations en t\u00eate.<\/p>\n<p>                                    <a class=\"fig-a11y-skip a11y-hidden\" href=\"#fig-a11y-skip-main-inarticle\"><br \/>\n        Passer la publicit\u00e9<br \/>\n    <\/a><\/p>\n<p class=\"fig-paragraph\">Les \u00c9tats-Unis et le Royaume-Uni ont annonc\u00e9 en mai un\u00a0<a href=\"http:\/\/www.lefigaro.fr\/conjoncture\/un-mini-accord-entre-les-etats-unis-et-le-royaume-uni-amorce-une-desescalade-dans-la-guerre-commerciale-20250508\" target=\"_blank\" data-fig-type=\"Article\" rel=\"noopener nofollow\" data-gtm-custom-categorie=\"navigation\" data-gtm-custom-action=\"crossclick\" data-gtm-custom-label=\"Contextuel\" data-gtm-event=\"customEventSPE\" data-fig-domain=\"LEFIGARO\">accord commercial<\/a>, mais Londres s&rsquo;inqui\u00e8te de la volont\u00e9 exprim\u00e9e par Donald Trump de le \u00abpeaufiner\u00bb. Le dirigeant britannique, qui a jusqu&rsquo;ici r\u00e9ussi \u00e0 \u00e9viter que son pays ne soit matraqu\u00e9 de droits de douane exorbitants, cherchera \u00e0 rester dans les petits papiers de l&rsquo;impr\u00e9visible pr\u00e9sident am\u00e9ricain. Ce dernier sera d&rsquo;ailleurs de\u00a0<a href=\"http:\/\/www.lefigaro.fr\/international\/la-visite-d-etat-de-trump-au-royaume-uni-fixee-du-17-au-19-septembre-20250714\" target=\"_blank\" data-fig-type=\"NewsFlash\" rel=\"noopener nofollow\" data-gtm-custom-categorie=\"navigation\" data-gtm-custom-action=\"crossclick\" data-gtm-custom-label=\"Contextuel\" data-gtm-event=\"customEventSPE\" data-fig-domain=\"LEFIGARO\">retour au Royaume-Uni en septembre<\/a>, pour une visite d&rsquo;\u00c9tat \u00e0 l&rsquo;invitation du roi Charles III s&rsquo;annon\u00e7ant fastueuse.<\/p>\n<p class=\"fig-body-link\">\n            \u00c0 lire aussi<br \/>\n        <a class=\"fig-body-link__link fig-premium-mark\" href=\"http:\/\/www.lefigaro.fr\/conjoncture\/le-plus-grand-accord-jamais-realise-donald-trump-et-le-japon-s-entendent-sur-un-nouveau-taux-de-15-de-droits-de-douane-20250723\" data-fig-type=\"Article\" data-gtm-custom-categorie=\"navigation\" data-gtm-custom-action=\"crossclick\" data-gtm-custom-label=\"Contextuel\" data-gtm-event=\"customEventSPE\" data-fig-domain=\"LEFIGARO\" rel=\"nofollow noopener\" target=\"_blank\">\u00abLe plus grand accord jamais r\u00e9alis\u00e9\u00bb\u00a0: Donald Trump et le Japon s\u2019entendent sur un nouveau taux de 15 % de droits de douane<br \/>\n    <\/a>\n<\/p>\n<p>Des manifestations pr\u00e9vues samedi<\/p>\n<p class=\"fig-paragraph\">En \u00c9cosse, Donald Trump sera \u00e0 distance, au moins g\u00e9ographiquement, des rebondissements de la tr\u00e8s embarrassante affaire\u00a0<a href=\"http:\/\/www.lefigaro.fr\/international\/trump-menace-de-poursuivre-le-wsj-pour-un-article-lui-attribuant-une-lettre-salace-a-epstein-20250718\" target=\"_blank\" data-fig-type=\"NewsFlash\" rel=\"noopener nofollow\" data-gtm-custom-categorie=\"navigation\" data-gtm-custom-action=\"crossclick\" data-gtm-custom-label=\"Contextuel\" data-gtm-event=\"customEventSPE\" data-fig-domain=\"LEFIGARO\">Jeffrey Epstein<\/a>, un riche financier accus\u00e9 de crimes sexuels et mort en prison en 2019 avant d&rsquo;\u00eatre jug\u00e9. Certains partisans du pr\u00e9sident lui reprochent de manquer de transparence \u00e0 propos de cette ancienne figure de la jet-set new-yorkaise, avec laquelle lui-m\u00eame entretenait une relation amicale et qui est devenue le symbole pour toute une frange du mouvement \u00abMAGA\u00bb des turpitudes d&rsquo;une \u00e9lite prot\u00e9g\u00e9e.<\/p>\n<p class=\"fig-paragraph\">Le Wall Street Journal, pour avoir publi\u00e9 un article sur les liens entre Donald Trump et le d\u00e9linquant sexuel, a d&rsquo;ailleurs \u00e9t\u00e9 priv\u00e9 de son si\u00e8ge dans l&rsquo;avion Air Force One pendant le d\u00e9placement. Donald Trump avait assur\u00e9 lors d&rsquo;une pr\u00e9c\u00e9dente visite, en 2023, se sentir \u00ab\u00e0 la maison\u00bb en \u00c9cosse o\u00f9 sa m\u00e8re, Mary Anne MacLeod, a grandi avant d&rsquo;\u00e9migrer \u00e0 18 ans aux \u00c9tats-Unis.<\/p>\n<p class=\"fig-paragraph\">Son affection n&rsquo;est pas forc\u00e9ment r\u00e9ciproque\u00a0: des manifestations sont pr\u00e9vues samedi \u00e0 \u00c9dimbourg et Aberdeen pour protester contre sa venue, et un important dispositif policier sera d\u00e9ploy\u00e9. La construction d&rsquo;un nouveau parcours par le groupe aujourd&rsquo;hui dirig\u00e9 par les fils du pr\u00e9sident a suscit\u00e9 du m\u00e9contentement \u00e0 Balmedie, dans l&rsquo;Aberdeeshire, de la part de certains riverains et d&rsquo;\u00e9lus \u00e9cologistes.<\/p>\n","protected":false},"excerpt":{"rendered":"Le pr\u00e9sident am\u00e9ricain doit arriver peu apr\u00e8s 19h00 GMT \u00e0 Turnberry, l\u2019un de ses deux complexes de golf&hellip;\n","protected":false},"author":2,"featured_media":272614,"comment_status":"","ping_status":"","sticky":false,"template":"","format":"standard","meta":{"footnotes":""},"categories":[5],"tags":[11,75,6609,1011,27,14,12,28],"class_list":{"0":"post-272613","1":"post","2":"type-post","3":"status-publish","4":"format-standard","5":"has-post-thumbnail","7":"category-international","8":"tag-actualites","9":"tag-donald-trump","10":"tag-ecosse","11":"tag-fr","12":"tag-france","13":"tag-international","14":"tag-news","15":"tag-world"},"share_on_mastodon":{"url":"https:\/\/pubeurope.com\/@fr\/114913546258264034","error":""},"_links":{"self":[{"href":"https:\/\/www.europesays.com\/fr\/wp-json\/wp\/v2\/posts\/272613","targetHints":{"allow":["GET"]}}],"collection":[{"href":"https:\/\/www.europesays.com\/fr\/wp-json\/wp\/v2\/posts"}],"about":[{"href":"https:\/\/www.europesays.com\/fr\/wp-json\/wp\/v2\/types\/post"}],"author":[{"embeddable":true,"href":"https:\/\/www.europesays.com\/fr\/wp-json\/wp\/v2\/users\/2"}],"replies":[{"embeddable":true,"href":"https:\/\/www.europesays.com\/fr\/wp-json\/wp\/v2\/comments?post=272613"}],"version-history":[{"count":0,"href":"https:\/\/www.europesays.com\/fr\/wp-json\/wp\/v2\/posts\/272613\/revisions"}],"wp:featuredmedia":[{"embeddable":true,"href":"https:\/\/www.europesays.com\/fr\/wp-json\/wp\/v2\/media\/272614"}],"wp:attachment":[{"href":"https:\/\/www.europesays.com\/fr\/wp-json\/wp\/v2\/media?parent=272613"}],"wp:term":[{"taxonomy":"category","embeddable":true,"href":"https:\/\/www.europesays.com\/fr\/wp-json\/wp\/v2\/categories?post=272613"},{"taxonomy":"post_tag","embeddable":true,"href":"https:\/\/www.europesays.com\/fr\/wp-json\/wp\/v2\/tags?post=272613"}],"curies":[{"name":"wp","href":"https:\/\/api.w.org\/{rel}","templated":true}]}}