{"id":272619,"date":"2025-07-25T11:07:12","date_gmt":"2025-07-25T11:07:12","guid":{"rendered":"https:\/\/www.europesays.com\/fr\/272619\/"},"modified":"2025-07-25T11:07:12","modified_gmt":"2025-07-25T11:07:12","slug":"le-pilote-de-la-moto-est-decede","status":"publish","type":"post","link":"https:\/\/www.europesays.com\/fr\/272619\/","title":{"rendered":"le pilote de la moto est d\u00e9c\u00e9d\u00e9"},"content":{"rendered":"<p>Un jeune homme de 22 ans a perdu la vie jeudi 24\u00a0juillet au cours de la soir\u00e9e. C\u2019est le dramatique bilan d\u2019<a href=\"https:\/\/www.leprogres.fr\/faits-divers-justice\/2025\/07\/24\/accident-a-saint-etienne-un-motard-en-urgence-absolue\" target=\"_blank\" rel=\"nofollow noopener\">un accident de la route qui s\u2019est produit ce m\u00eame jour,<\/a> vers 19 heures.<\/p>\n<p>Selon une source polici\u00e8re, des t\u00e9moins ont r\u00e9v\u00e9l\u00e9 avoir vu une moto circuler \u00e0 vive allure entre le boulevard Jean-Rostand \u00e0 La Talaudi\u00e8re et la rue Jean-Rostand \u00e0 Saint-\u00c9tienne, dans le quartier de M\u00e9ons.<\/p>\n<p>  11e d\u00e9c\u00e8s sur les routes de la Loire depuis le d\u00e9but d\u2019ann\u00e9e<\/p>\n<p>D\u2019apr\u00e8s les \u00e9l\u00e9ments recueillis sur place par les forces de police, le pilote aurait tent\u00e9 de doubler anarchiquement plusieurs v\u00e9hicules avant de percuter l\u2019un d\u2019eux de plein fouet. Le jeune homme au guidon du deux-roues a alors \u00e9t\u00e9 \u00e9ject\u00e9 et a atterri sur une autre voiture arrivant en face.<\/p>\n<p>Rapidement sur place, les m\u00e9decins du SAMU ont pris en charge la victime qui se trouvait en arr\u00eat cardio-respiratoire. Cette derni\u00e8re a ensuite \u00e9t\u00e9 transport\u00e9e vers le Centre hospitalier Nord \u00e0 Saint-Priest-en-Jarez.<\/p>\n<p>Malheureusement, quelques heures plus tard, les m\u00e9decins ont d\u00fb prononcer le d\u00e9c\u00e8s du jeune homme, originaire de la couronne st\u00e9phanoise. Les tests de d\u00e9pistage d\u2019alcool\u00e9mie et d\u2019usage de stup\u00e9fiants sont en cours d\u2019analyse.<\/p>\n<p>Il s\u2019agit du onzi\u00e8me d\u00e9c\u00e8s sur les routes du d\u00e9partement de la Loire depuis le d\u00e9but de l\u2019ann\u00e9e. Le premier sur le territoire de la commune de Saint-Etienne.<\/p>\n","protected":false},"excerpt":{"rendered":"Un jeune homme de 22 ans a perdu la vie jeudi 24\u00a0juillet au cours de la soir\u00e9e. C\u2019est&hellip;\n","protected":false},"author":2,"featured_media":272620,"comment_status":"","ping_status":"","sticky":false,"template":"","format":"standard","meta":{"footnotes":""},"categories":[9653],"tags":[119,1111,11,2430,7539,1777,674,274,107,1011,27,3367,12,25,4001,7538,104],"class_list":{"0":"post-272619","1":"post","2":"type-post","3":"status-publish","4":"format-standard","5":"has-post-thumbnail","7":"category-saint-etienne","8":"tag-accident","9":"tag-actu","10":"tag-actualites","11":"tag-auvergne-rhone-alpes","12":"tag-edition-loire-sud","13":"tag-eu","14":"tag-europe","15":"tag-faits-divers-justice","16":"tag-fil-info","17":"tag-fr","18":"tag-france","19":"tag-loire","20":"tag-news","21":"tag-republique-francaise","22":"tag-saint-etienne","23":"tag-saint-etienne-ville","24":"tag-societe"},"share_on_mastodon":{"url":"https:\/\/pubeurope.com\/@fr\/114913558103132031","error":""},"_links":{"self":[{"href":"https:\/\/www.europesays.com\/fr\/wp-json\/wp\/v2\/posts\/272619","targetHints":{"allow":["GET"]}}],"collection":[{"href":"https:\/\/www.europesays.com\/fr\/wp-json\/wp\/v2\/posts"}],"about":[{"href":"https:\/\/www.europesays.com\/fr\/wp-json\/wp\/v2\/types\/post"}],"author":[{"embeddable":true,"href":"https:\/\/www.europesays.com\/fr\/wp-json\/wp\/v2\/users\/2"}],"replies":[{"embeddable":true,"href":"https:\/\/www.europesays.com\/fr\/wp-json\/wp\/v2\/comments?post=272619"}],"version-history":[{"count":0,"href":"https:\/\/www.europesays.com\/fr\/wp-json\/wp\/v2\/posts\/272619\/revisions"}],"wp:featuredmedia":[{"embeddable":true,"href":"https:\/\/www.europesays.com\/fr\/wp-json\/wp\/v2\/media\/272620"}],"wp:attachment":[{"href":"https:\/\/www.europesays.com\/fr\/wp-json\/wp\/v2\/media?parent=272619"}],"wp:term":[{"taxonomy":"category","embeddable":true,"href":"https:\/\/www.europesays.com\/fr\/wp-json\/wp\/v2\/categories?post=272619"},{"taxonomy":"post_tag","embeddable":true,"href":"https:\/\/www.europesays.com\/fr\/wp-json\/wp\/v2\/tags?post=272619"}],"curies":[{"name":"wp","href":"https:\/\/api.w.org\/{rel}","templated":true}]}}