{"id":272622,"date":"2025-07-25T11:09:11","date_gmt":"2025-07-25T11:09:11","guid":{"rendered":"https:\/\/www.europesays.com\/fr\/272622\/"},"modified":"2025-07-25T11:09:11","modified_gmt":"2025-07-25T11:09:11","slug":"meurthe-et-moselle-a-nancy-passer-une-soiree-chic-au-palais-du-gouvernement","status":"publish","type":"post","link":"https:\/\/www.europesays.com\/fr\/272622\/","title":{"rendered":"Meurthe-et-Moselle. \u00c0 Nancy, passer une soir\u00e9e chic au palais du Gouvernement"},"content":{"rendered":"<p>Il fait parler de lui dans tout Nancy, et \u00e0 raison. Install\u00e9 dans le palais du Gouvernement, le XV offre un <a href=\"https:\/\/www.estrepublicain.fr\/economie\/2024\/11\/07\/grand-hotel-de-la-reine-decouvrez-le-nouveau-decor-du-bar-le-xv-et-du-restaurant-le-louis-place-de-la-carriere\" target=\"_blank\" rel=\"noopener\">cadre \u00e9poustouflant<\/a> pour prendre un verre. Durant ces jours ensoleill\u00e9s, l\u2019\u00e9tablissement poss\u00e8de certainement l\u2019une des plus belles terrasses de la ville. Au calme, entour\u00e9e de verdure et d\u2019une architecture grandiose, que demander de plus\u00a0? Un cocktail, sans h\u00e9siter\u00a0!<\/p>\n<p>Avec une carte vari\u00e9e, allant des \u00ab\u00a0cr\u00e9ations de saison\u00a0\u00bb au \u00ab\u00a0sans alcool\u00a0\u00bb, le bar propose de quoi grignoter autour d\u2019une cuisine inspir\u00e9e des quatre coins du monde. L\u2019occasion parfaite pour se retrouver entre amis pour un moment de d\u00e9tente et de s\u00e9r\u00e9nit\u00e9.<\/p>\n<p class=\"note\">Horaires du bar\u00a0: du lundi au mercredi\u00a010 h \u00e0 00\u00a0h\u00a030. Du jeudi au samedi\u00a010 h \u00e0 1\u00a0h. Le dimanche\u00a010 h \u00e0 23\u00a0h.<\/p>\n","protected":false},"excerpt":{"rendered":"Il fait parler de lui dans tout Nancy, et \u00e0 raison. Install\u00e9 dans le palais du Gouvernement, le&hellip;\n","protected":false},"author":2,"featured_media":272623,"comment_status":"","ping_status":"","sticky":false,"template":"","format":"standard","meta":{"footnotes":""},"categories":[9635],"tags":[1111,11,1704,1777,674,1011,27,775,6016,3457,1702,1703,12,25],"class_list":{"0":"post-272622","1":"post","2":"type-post","3":"status-publish","4":"format-standard","5":"has-post-thumbnail","7":"category-nancy","8":"tag-actu","9":"tag-actualites","10":"tag-edition-nancy-et-agglomeration","11":"tag-eu","12":"tag-europe","13":"tag-fr","14":"tag-france","15":"tag-grand-est","16":"tag-magazine-cuisine-et-vins","17":"tag-meurthe-et-moselle","18":"tag-nancy","19":"tag-nancy-ville-54b","20":"tag-news","21":"tag-republique-francaise"},"share_on_mastodon":{"url":"https:\/\/pubeurope.com\/@fr\/114913566149392213","error":""},"_links":{"self":[{"href":"https:\/\/www.europesays.com\/fr\/wp-json\/wp\/v2\/posts\/272622","targetHints":{"allow":["GET"]}}],"collection":[{"href":"https:\/\/www.europesays.com\/fr\/wp-json\/wp\/v2\/posts"}],"about":[{"href":"https:\/\/www.europesays.com\/fr\/wp-json\/wp\/v2\/types\/post"}],"author":[{"embeddable":true,"href":"https:\/\/www.europesays.com\/fr\/wp-json\/wp\/v2\/users\/2"}],"replies":[{"embeddable":true,"href":"https:\/\/www.europesays.com\/fr\/wp-json\/wp\/v2\/comments?post=272622"}],"version-history":[{"count":0,"href":"https:\/\/www.europesays.com\/fr\/wp-json\/wp\/v2\/posts\/272622\/revisions"}],"wp:featuredmedia":[{"embeddable":true,"href":"https:\/\/www.europesays.com\/fr\/wp-json\/wp\/v2\/media\/272623"}],"wp:attachment":[{"href":"https:\/\/www.europesays.com\/fr\/wp-json\/wp\/v2\/media?parent=272622"}],"wp:term":[{"taxonomy":"category","embeddable":true,"href":"https:\/\/www.europesays.com\/fr\/wp-json\/wp\/v2\/categories?post=272622"},{"taxonomy":"post_tag","embeddable":true,"href":"https:\/\/www.europesays.com\/fr\/wp-json\/wp\/v2\/tags?post=272622"}],"curies":[{"name":"wp","href":"https:\/\/api.w.org\/{rel}","templated":true}]}}