{"id":272634,"date":"2025-07-25T11:19:26","date_gmt":"2025-07-25T11:19:26","guid":{"rendered":"https:\/\/www.europesays.com\/fr\/272634\/"},"modified":"2025-07-25T11:19:26","modified_gmt":"2025-07-25T11:19:26","slug":"grenoble-un-appel-a-temoins-lance-apres-une-violente-agression","status":"publish","type":"post","link":"https:\/\/www.europesays.com\/fr\/272634\/","title":{"rendered":"Grenoble. Un appel \u00e0 t\u00e9moins lanc\u00e9 apr\u00e8s une violente agression"},"content":{"rendered":"<p>Les policiers grenoblois lancent un appel \u00e0 t\u00e9moins apr\u00e8s l\u2019agression dont a \u00e9t\u00e9 victime un homme dans la nuit du mercredi\u00a023 au jeudi 24\u00a0juillet \u00e0 Grenoble. Entre 0\u00a0h\u00a030 et 1 heure, et dans des circonstances qui restent \u00e0 \u00e9claircir, cet homme aurait \u00e9t\u00e9 agress\u00e9 sur le parvis de la gare. Les policiers invitent toute personne qui aurait des informations sur cette agression \u00e0 contacter l\u2019h\u00f4tel de police au 04 76 60 40 40.<\/p>\n","protected":false},"excerpt":{"rendered":"Les policiers grenoblois lancent un appel \u00e0 t\u00e9moins apr\u00e8s l\u2019agression dont a \u00e9t\u00e9 victime un homme dans la&hellip;\n","protected":false},"author":2,"featured_media":272635,"comment_status":"","ping_status":"","sticky":false,"template":"","format":"standard","meta":{"footnotes":""},"categories":[9566],"tags":[1111,11,2430,271,272,112,1777,674,274,107,1011,27,2731,2732,108,12,25],"class_list":{"0":"post-272634","1":"post","2":"type-post","3":"status-publish","4":"format-standard","5":"has-post-thumbnail","7":"category-grenoble","8":"tag-actu","9":"tag-actualites","10":"tag-auvergne-rhone-alpes","11":"tag-crime","12":"tag-delit-et-contravention","13":"tag-edition-grenoble-agglomeration","14":"tag-eu","15":"tag-europe","16":"tag-faits-divers-justice","17":"tag-fil-info","18":"tag-fr","19":"tag-france","20":"tag-grenoble","21":"tag-grenoble-bassin","22":"tag-isere","23":"tag-news","24":"tag-republique-francaise"},"share_on_mastodon":{"url":"https:\/\/pubeurope.com\/@fr\/114913605315744864","error":""},"_links":{"self":[{"href":"https:\/\/www.europesays.com\/fr\/wp-json\/wp\/v2\/posts\/272634","targetHints":{"allow":["GET"]}}],"collection":[{"href":"https:\/\/www.europesays.com\/fr\/wp-json\/wp\/v2\/posts"}],"about":[{"href":"https:\/\/www.europesays.com\/fr\/wp-json\/wp\/v2\/types\/post"}],"author":[{"embeddable":true,"href":"https:\/\/www.europesays.com\/fr\/wp-json\/wp\/v2\/users\/2"}],"replies":[{"embeddable":true,"href":"https:\/\/www.europesays.com\/fr\/wp-json\/wp\/v2\/comments?post=272634"}],"version-history":[{"count":0,"href":"https:\/\/www.europesays.com\/fr\/wp-json\/wp\/v2\/posts\/272634\/revisions"}],"wp:featuredmedia":[{"embeddable":true,"href":"https:\/\/www.europesays.com\/fr\/wp-json\/wp\/v2\/media\/272635"}],"wp:attachment":[{"href":"https:\/\/www.europesays.com\/fr\/wp-json\/wp\/v2\/media?parent=272634"}],"wp:term":[{"taxonomy":"category","embeddable":true,"href":"https:\/\/www.europesays.com\/fr\/wp-json\/wp\/v2\/categories?post=272634"},{"taxonomy":"post_tag","embeddable":true,"href":"https:\/\/www.europesays.com\/fr\/wp-json\/wp\/v2\/tags?post=272634"}],"curies":[{"name":"wp","href":"https:\/\/api.w.org\/{rel}","templated":true}]}}