{"id":272638,"date":"2025-07-25T11:22:38","date_gmt":"2025-07-25T11:22:38","guid":{"rendered":"https:\/\/www.europesays.com\/fr\/272638\/"},"modified":"2025-07-25T11:22:38","modified_gmt":"2025-07-25T11:22:38","slug":"a-rennes-que-va-devenir-la-maison-de-quartier-de-la-binquenais-a-la-rentree","status":"publish","type":"post","link":"https:\/\/www.europesays.com\/fr\/272638\/","title":{"rendered":"\u00c0 Rennes, que va devenir la maison de quartier de la Binquenais \u00e0 la rentr\u00e9e\u00a0?"},"content":{"rendered":"<p>Le sujet a \u00e9t\u00e9 examin\u00e9 par les \u00e9lus rennais le 30\u00a0juin 2025, lors du dernier conseil municipal avant la pause estivale. Lors de cette s\u00e9ance, Rozenn Andro, adjointe en charge de la vie associative, a rappel\u00e9 que <a href=\"https:\/\/rennes.maville.com\/actu\/actudet_-apres-l-arret-des-activites-la-maison-de-quartier-la-binquenais-aura-une-nouvelle-vie-_52674-6748643_actu.Htm\" target=\"_blank\" rel=\"nofollow noopener\">la ville de Rennes ne souhaite pas renouveler la convention de partenariat<\/a> pour la maison de quartier de la Binquenais. Depuis 1977, cet \u00e9quipement \u00e9tait en gestion associative, avec un comit\u00e9 d\u2019habitants \u00e0 la barre. Il accueille une quarantaine d\u2019associations, avec des activit\u00e9s diverses.<\/p>\n<p>\u00ab\u00a0Un dialogue ferme et fort\u00a0\u00bb<\/p>\n<p>Mais, de l\u2019aveu m\u00eame de Rozenn Andro, <strong>\u00ab\u00a0le dialogue avec le comit\u00e9 de quartier n\u2019\u00e9tait pas satisfaisant.\u00a0\u00bb<\/strong> Le principe est le m\u00eame pour les 43\u00a0\u00e9quipements de proximit\u00e9 diss\u00e9min\u00e9s \u00e0 travers les quartiers rennais.<strong> \u00ab\u00a0Il repose sur un dialogue ferme et fort. C\u2019est un geste de confiance, car on confie la gestion et on attribue des subventions. En retour, la Ville est exigeante avec les associations qui g\u00e8rent ces \u00e9quipements.\u00a0\u00bb<\/strong><\/p>\n<p><strong>Lire aussi.<\/strong>\u00a0<a href=\"https:\/\/rennes.maville.com\/actu\/actudet_-au-sud-de-rennes-pourquoi-cette-maison-de-quartier-est-sur-la-sellette-_7-6602088_actu.Htm\" target=\"_blank\" rel=\"nofollow noopener\">Au sud de Rennes, pourquoi cette maison de quartier est sur la sellette<\/a><\/p>\n<p>Pour autant, comme le rappelle Rozenn Andro, <strong>\u00ab\u00a0il n\u2019a jamais \u00e9t\u00e9 question de fermer la maison de quartier de la Binquenais. On veut au contraire relancer une dynamique collective, apr\u00e8s une p\u00e9riode difficile.\u00a0\u00bb<\/strong> Une nouvelle page d\u2019histoire va s\u2019\u00e9crire \u00e0 la rentr\u00e9e, avec un nouveau projet de type p\u00f4le associatif.<strong> \u00ab\u00a0On a pris le temps de consulter les associations qui le souhaitaient \u00e0 travers un questionnaire\u00a0\u00bb<\/strong>, notamment le collectif de la Bink, tr\u00e8s dynamique dans le quartier.<\/p>\n<p>Rouvrir un centre de loisirs<\/p>\n<p>L\u2019association de la Tour d\u2019Auvergne (TA) jouera un r\u00f4le moteur dans la nouvelle structure. Elle s\u2019occupe d\u00e9j\u00e0 des pr\u00e9-adolescents, avec des activit\u00e9s au stade et au gymnase. Cet \u00e9t\u00e9, en vue de la rentr\u00e9e, elle planche sur de nouvelles propositions, \u00e0 commencer par la r\u00e9ouverture d\u2019un centre de loisirs. <strong>\u00ab\u00a0L\u2019id\u00e9e est de ne pas d\u00e9l\u00e9guer tout le projet \u00e0 une seule structure,<\/strong> souligne Rozenn Andro.<strong> Le p\u00f4le associatif sera un lieu cog\u00e9r\u00e9 \u00e0 plusieurs, sous la coordination de la TA.\u00a0\u00bb<\/strong><\/p>\n<p>Plus tard, la Ville songe \u00e0 engager un chantier de r\u00e9novation \u00e9nerg\u00e9tique dans le b\u00e2timent de la Binquenais, comme elle le fait progressivement pour l\u2019ensemble de son patrimoine communal. Cela permet de r\u00e9duire la facture de fonctionnement, avec jusqu\u2019\u00e0 37\u00a0% d\u2019\u00e9nergie \u00e9conomis\u00e9e dans les b\u00e2timents r\u00e9nov\u00e9s. En attendant, quelques travaux d\u2019entretien seront engag\u00e9s d\u2019ici la fin ao\u00fbt.<\/p>\n<p><strong>Contact\u00a0:<\/strong> p\u00f4le associatif de la Bonquenais, labinquenais@tourdauvergneasso.com<\/p>\n<p>\u00a0<\/p>\n","protected":false},"excerpt":{"rendered":"Le sujet a \u00e9t\u00e9 examin\u00e9 par les \u00e9lus rennais le 30\u00a0juin 2025, lors du dernier conseil municipal avant&hellip;\n","protected":false},"author":2,"featured_media":272639,"comment_status":"","ping_status":"","sticky":false,"template":"","format":"standard","meta":{"footnotes":""},"categories":[2821],"tags":[1111,11,41201,829,8300,1777,674,1011,27,2142,12,5775,584,28313,25],"class_list":{"0":"post-272638","1":"post","2":"type-post","3":"status-publish","4":"format-standard","5":"has-post-thumbnail","7":"category-rennes","8":"tag-actu","9":"tag-actualites","10":"tag-binquenais","11":"tag-bretagne","12":"tag-devenir","13":"tag-eu","14":"tag-europe","15":"tag-fr","16":"tag-france","17":"tag-maison","18":"tag-news","19":"tag-quartier","20":"tag-rennes","21":"tag-rentree","22":"tag-republique-francaise"},"share_on_mastodon":{"url":"https:\/\/pubeurope.com\/@fr\/114913617130861759","error":""},"_links":{"self":[{"href":"https:\/\/www.europesays.com\/fr\/wp-json\/wp\/v2\/posts\/272638","targetHints":{"allow":["GET"]}}],"collection":[{"href":"https:\/\/www.europesays.com\/fr\/wp-json\/wp\/v2\/posts"}],"about":[{"href":"https:\/\/www.europesays.com\/fr\/wp-json\/wp\/v2\/types\/post"}],"author":[{"embeddable":true,"href":"https:\/\/www.europesays.com\/fr\/wp-json\/wp\/v2\/users\/2"}],"replies":[{"embeddable":true,"href":"https:\/\/www.europesays.com\/fr\/wp-json\/wp\/v2\/comments?post=272638"}],"version-history":[{"count":0,"href":"https:\/\/www.europesays.com\/fr\/wp-json\/wp\/v2\/posts\/272638\/revisions"}],"wp:featuredmedia":[{"embeddable":true,"href":"https:\/\/www.europesays.com\/fr\/wp-json\/wp\/v2\/media\/272639"}],"wp:attachment":[{"href":"https:\/\/www.europesays.com\/fr\/wp-json\/wp\/v2\/media?parent=272638"}],"wp:term":[{"taxonomy":"category","embeddable":true,"href":"https:\/\/www.europesays.com\/fr\/wp-json\/wp\/v2\/categories?post=272638"},{"taxonomy":"post_tag","embeddable":true,"href":"https:\/\/www.europesays.com\/fr\/wp-json\/wp\/v2\/tags?post=272638"}],"curies":[{"name":"wp","href":"https:\/\/api.w.org\/{rel}","templated":true}]}}