{"id":272654,"date":"2025-07-25T11:30:10","date_gmt":"2025-07-25T11:30:10","guid":{"rendered":"https:\/\/www.europesays.com\/fr\/272654\/"},"modified":"2025-07-25T11:30:10","modified_gmt":"2025-07-25T11:30:10","slug":"apres-plus-dun-an-de-sursis-la-boca-foodcourt-a-bordeaux-est-enfin-fixee-sur-son-sort","status":"publish","type":"post","link":"https:\/\/www.europesays.com\/fr\/272654\/","title":{"rendered":"Apr\u00e8s plus d&rsquo;un an de sursis, la Boca Foodcourt \u00e0 Bordeaux est enfin fix\u00e9e sur son sort"},"content":{"rendered":"<p>            Par<br \/>\n        <strong><br \/>\n            <a href=\"https:\/\/actu.fr\/auteur\/redaction-bordeaux\" title=\"Consulter tous les articles de R\u00e9daction Bordeaux\" rel=\"nofollow noopener\" target=\"_blank\">R\u00e9daction Bordeaux<\/a><br \/>\n        <\/strong><\/p>\n<p>        Publi\u00e9 le<\/p>\n<p>            25 juil. 2025 \u00e0 12h46        <\/p>\n<p>Apr\u00e8s plusieurs mois de bataille, le <strong>verdict<\/strong> est enfin tomb\u00e9. Mardi 22\u00a0juillet 2025, Vincent Bidou, g\u00e9rant de la <a href=\"https:\/\/actu.fr\/nouvelle-aquitaine\/bordeaux_33063\/a-bordeaux-la-boca-foodcourt-joue-bientot-sa-survie-au-tribunal-on-se-dirige-vers-une-fermeture_62917822.html\" rel=\"nofollow noopener\" target=\"_blank\">Boca Foodcourt<\/a>, avait rendez-vous au <strong>tribunal de commerce<\/strong> de <a href=\"https:\/\/actu.fr\/bordeaux\/\" rel=\"nofollow noopener\" target=\"_blank\">Bordeaux<\/a> pour conna\u00eetre le sort r\u00e9serv\u00e9 \u00e0 son enseigne.<\/p>\n<p class=\" wall-content\">Cet espace de restauration compos\u00e9 de halles gourmandes, situ\u00e9 sur les anciens abattoirs au quai de Paludate, \u00e9tait plac\u00e9 en <a href=\"https:\/\/actu.fr\/nouvelle-aquitaine\/bordeaux_33063\/a-bordeaux-la-boca-foodcourt-est-en-redressement-judiciaire-on-a-paye-les-pots-casses-de-ce-quartier_61075644.html\" rel=\"nofollow noopener\" target=\"_blank\">redressement judiciaire<\/a> depuis avril\u00a02024.<\/p>\n<p class=\" wall-content\">Pr\u00e8s de sept ans apr\u00e8s son ouverture, la Boca Foodcourt va donc bien <strong>fermer ses portes<\/strong>. L\u2019\u00e9tablissement est \u00ab\u00a0en \u00e9tat de liquidation\u00a0\u00bb explique Vincent Bidou, son g\u00e9rant.\u00a0<\/p>\n<p>Un quartier qui peine \u00e0 se d\u00e9velopper<\/p>\n<p class=\" wall-content\">En mai\u00a02024, Vincent Bidou expliquait d\u00e9j\u00e0 \u00e0 <a href=\"https:\/\/actu.fr\/bordeaux\/\" rel=\"nofollow noopener\" target=\"_blank\">actu Bordeaux<\/a> que le quartier \u00e9tait \u00ab\u2009sinistr\u00e9 par des travaux continuels\u2009\u00bb mais il restait <strong>optimiste<\/strong>. Plus d\u2019un an apr\u00e8s ses d\u00e9clarations, l\u2019espoir s\u2019est estomp\u00e9.<\/p>\n<p class=\" wall-content\">\u00c0 l\u2019\u00e9poque, le placement en redressement judiciaire pouvait permettre au g\u00e9rant de <strong>gagner du temps<\/strong> en gelant les <strong>dettes<\/strong> et en ren\u00e9gociant les emprunts bancaires du site. Une semaine avant l\u2019audience d\u00e9cisive, Vincent Bidou indiquait m\u00eame avoir \u00ab\u2009des atouts et des leviers \u00e0 actionner\u2009\u00bb. Malheureusement, rien n\u2019aura suffi pour conjurer le sort de l\u2019\u00e9tablissement.<\/p>\n<p>Une derni\u00e8re danse<\/p>\n<p class=\" wall-content\">Depuis mardi 22\u00a0juillet au soir, le lieu est <strong>ferm\u00e9 au public<\/strong>. Le site internet annon\u00e7ait m\u00eame une \u00ab\u2009fermeture d\u00e9finitive\u2009\u00bb quelques jours avant l\u2019audience d\u00e9cisive.<\/p>\n<p class=\" wall-content\">Une grande soir\u00e9e avait \u00e9t\u00e9 organis\u00e9e d\u00e8s le samedi 19 juillet pour permettre au public de faire ses adieux \u00e0 la Boca Foodcourt. Un dernier moment de <strong>joie<\/strong>\u00a0avant de refermer le livre de cet \u00e9tablissement qui aura vu le jour fin 2018.<\/p>\n<p class=\" wall-content\">Ce concept restauratif avec de nombreux stands avait conquis plusieurs Bordelais et Bordelaises. Les DJ et les concerts ont rythm\u00e9 les soir\u00e9es de ce lieu, qui va laisser un vide dans une zone d\u00e9j\u00e0<strong> en manque d\u2019adresses<\/strong> pour faire la f\u00eate.<\/p>\n<p class=\" wall-content\">Suivez toute l\u2019actualit\u00e9 de vos villes et m\u00e9dias favoris en vous inscrivant \u00e0 <a href=\"https:\/\/moncompte.actu.fr\" title=\"D\u00e9couvez Mon Actu\" rel=\"nofollow noopener\" data-trk=\"{&quot;cta&quot;:{&quot;action&quot;:&quot;https:\\\/\\\/moncompte.actu.fr&quot;,&quot;category&quot;:&quot;mon compte&quot;,&quot;from&quot;:&quot;article footer&quot;,&quot;name&quot;:&quot;Mon actu&quot;,&quot;type&quot;:&quot;cta&quot;}}\" target=\"_blank\">Mon Actu<\/a>.<\/p>\n","protected":false},"excerpt":{"rendered":"Par R\u00e9daction Bordeaux Publi\u00e9 le 25 juil. 2025 \u00e0 12h46 Apr\u00e8s plusieurs mois de bataille, le verdict est&hellip;\n","protected":false},"author":2,"featured_media":253067,"comment_status":"","ping_status":"","sticky":false,"template":"","format":"standard","meta":{"footnotes":""},"categories":[2817],"tags":[1111,11,1997,1777,674,1011,27,1661,12,2219,25,1340,104],"class_list":{"0":"post-272654","1":"post","2":"type-post","3":"status-publish","4":"format-standard","5":"has-post-thumbnail","7":"category-bordeaux","8":"tag-actu","9":"tag-actualites","10":"tag-bordeaux","11":"tag-eu","12":"tag-europe","13":"tag-fr","14":"tag-france","15":"tag-gastronomie","16":"tag-news","17":"tag-nouvelle-aquitaine","18":"tag-republique-francaise","19":"tag-restaurant","20":"tag-societe"},"share_on_mastodon":{"url":"https:\/\/pubeurope.com\/@fr\/114913648634591750","error":""},"_links":{"self":[{"href":"https:\/\/www.europesays.com\/fr\/wp-json\/wp\/v2\/posts\/272654","targetHints":{"allow":["GET"]}}],"collection":[{"href":"https:\/\/www.europesays.com\/fr\/wp-json\/wp\/v2\/posts"}],"about":[{"href":"https:\/\/www.europesays.com\/fr\/wp-json\/wp\/v2\/types\/post"}],"author":[{"embeddable":true,"href":"https:\/\/www.europesays.com\/fr\/wp-json\/wp\/v2\/users\/2"}],"replies":[{"embeddable":true,"href":"https:\/\/www.europesays.com\/fr\/wp-json\/wp\/v2\/comments?post=272654"}],"version-history":[{"count":0,"href":"https:\/\/www.europesays.com\/fr\/wp-json\/wp\/v2\/posts\/272654\/revisions"}],"wp:featuredmedia":[{"embeddable":true,"href":"https:\/\/www.europesays.com\/fr\/wp-json\/wp\/v2\/media\/253067"}],"wp:attachment":[{"href":"https:\/\/www.europesays.com\/fr\/wp-json\/wp\/v2\/media?parent=272654"}],"wp:term":[{"taxonomy":"category","embeddable":true,"href":"https:\/\/www.europesays.com\/fr\/wp-json\/wp\/v2\/categories?post=272654"},{"taxonomy":"post_tag","embeddable":true,"href":"https:\/\/www.europesays.com\/fr\/wp-json\/wp\/v2\/tags?post=272654"}],"curies":[{"name":"wp","href":"https:\/\/api.w.org\/{rel}","templated":true}]}}