{"id":272655,"date":"2025-07-25T11:31:09","date_gmt":"2025-07-25T11:31:09","guid":{"rendered":"https:\/\/www.europesays.com\/fr\/272655\/"},"modified":"2025-07-25T11:31:09","modified_gmt":"2025-07-25T11:31:09","slug":"toulouse-parents-mecontents-face-a-la-fermeture-de-plusieurs-bibliotheques-a-la-rentree-voici-pourquoi","status":"publish","type":"post","link":"https:\/\/www.europesays.com\/fr\/272655\/","title":{"rendered":"Toulouse. Parents m\u00e9contents face \u00e0 la fermeture de plusieurs biblioth\u00e8ques \u00e0 la rentr\u00e9e : voici pourquoi"},"content":{"rendered":"<p>            Par<br \/>\n        <strong><br \/>\n            <a href=\"https:\/\/actu.fr\/auteur\/lea-afonso\" title=\"Consulter tous les articles de L\u00e9a Afonso\" rel=\"nofollow noopener\" target=\"_blank\">L\u00e9a Afonso<\/a><br \/>\n        <\/strong><\/p>\n<p>        Publi\u00e9 le<\/p>\n<p>            25 juil. 2025 \u00e0 13h08        <\/p>\n<p>D\u00e8s le <strong>1er\u00a0septembre<\/strong> 2025, l\u2019organisation des <strong>biblioth\u00e8ques<\/strong> de <a href=\"https:\/\/actu.fr\/toulouse\/\" rel=\"nofollow noopener\" target=\"_blank\">Toulouse<\/a> va quelque peu \u00e9voluer. Certaines d\u2019entre elles, les plus petites, verront leurs portes se <strong>fermer<\/strong> le samedi et durant les vacances scolaires. Une d\u00e9cision qui ne pla\u00eet pas \u00e0 tout le monde\u2026 Une <a href=\"https:\/\/www.mesopinions.com\/petition\/art-culture\/fermeture-bibliotheque-duranti-samedi-pendant-vacances\/244868?fbclid=PAQ0xDSwLvCH5leHRuA2FlbQIxMAABp4d8n-_hfiiQ5W8FucyCf5al3oFcKemurseDiQ4y1SCwG7vsbMg56BwIo-3u_aem_8lOrQPZgJwTrPsK0zV4Rhw\" rel=\"nofollow noopener\" target=\"_blank\">p\u00e9tition<\/a> a m\u00eame \u00e9t\u00e9 lanc\u00e9e par des Toulousains.<\/p>\n<p>\u00ab\u2009Non \u00e0 la fermeture\u2009\u00bb<\/p>\n<p class=\" wall-content\">\u00ab\u2009Non \u00e0 la fermeture\u2009\u00bb, indique d\u2019embl\u00e9e la <a href=\"https:\/\/www.mesopinions.com\/petition\/art-culture\/fermeture-bibliotheque-duranti-samedi-pendant-vacances\/244868?fbclid=PAQ0xDSwLvCH5leHRuA2FlbQIxMAABp4d8n-_hfiiQ5W8FucyCf5al3oFcKemurseDiQ4y1SCwG7vsbMg56BwIo-3u_aem_8lOrQPZgJwTrPsK0zV4Rhw\" rel=\"nofollow noopener\" target=\"_blank\">p\u00e9tition<\/a> lanc\u00e9e par des habitants de la ville. Effectivement, \u00ab\u2009par<strong> manque de personnel<\/strong> et en raison du<strong> gel des recrutements<\/strong> en biblioth\u00e8que\u2009\u00bb indique la p\u00e9tition, <strong>cinq petits \u00e9tablissements<\/strong> municipaux, n\u2019ouvriront plus les samedis et une semaine sur deux pendant les vacances scolaires. Une d\u00e9cision prise \u00ab\u2009par la mairie\u2009\u00bb, souligne la p\u00e9tition.<\/p>\n<p class=\" wall-content\">Sont concern\u00e9es les biblioth\u00e8ques <strong>Duranti, Bonnefoy, Pont des Demoiselles, Ancely et Roseraie.<\/strong><\/p>\n<p>Un m\u00e9contentement<\/p>\n<p class=\" wall-content\">Cette nouvelle n\u2019a pas forc\u00e9ment \u00e9t\u00e9 bien re\u00e7ue. Des <strong>habitants<\/strong> et des <strong>parents<\/strong> d\u2019enfants sont fondamentalement <strong>contre ces fermetures<\/strong>\u2009: \u00ab\u2009le samedi est pourtant le jour privil\u00e9gi\u00e9 par nous, parents, pour amener nos enfants \u00e0 la biblioth\u00e8que. C\u2019est un rendez-vous r\u00e9gulier avec la Culture et la Litt\u00e9rature. C\u2019est le jour o\u00f9 nos enfants peuvent assister aux Heures du conte, aux \u00c9coutes musicales. C\u2019est le jour o\u00f9 les biblioth\u00e9caires proposent des Ateliers cr\u00e9atifs. Et c\u2019est aussi le jour du Club Ados\u2009\u00bb, peut-on lire sur la p\u00e9tition.<\/p>\n<p class=\" wall-content\">Jour des enfants, activit\u00e9s en tous genres, jeux de soci\u00e9t\u00e9, travail des \u00e9tudiants\u2026\u2009: moult occupations qui dispara\u00eetront donc d\u2019ici quelques semaines.<\/p>\n<p>Vid\u00e9os : en ce moment sur ActuDes fermetures r\u00e9fl\u00e9chies<\/p>\n<p class=\" wall-content\">Malgr\u00e9 les avances de la p\u00e9tition, la mairie de la ville affirme tout de m\u00eame, \u00ab\u2009qu\u2019une <strong>attention<\/strong> forte a \u00e9t\u00e9 port\u00e9e aux <strong>besoins du jeune public<\/strong>\u2009: l\u2019accueil des scolaires est garanti en semaine, m\u00eame quand la biblioth\u00e8que est ferm\u00e9e au public\u2009\u00bb. La municipalit\u00e9 a aussi \u00ab\u2009pr\u00e9serv\u00e9 au maximum les plages d\u2019ouverture des \u00e9tablissements les plus fr\u00e9quent\u00e9s et de ceux situ\u00e9s dans les quartiers de la politique de la ville\u2009\u00bb.<\/p>\n<p class=\" wall-content\">Et concernant les horaires et \/ ou jours de fermeture, rien n\u2019a \u00e9t\u00e9 fait au hasard\u2009: \u00ab\u2009les <strong>limitations horaires<\/strong> ont \u00e9t\u00e9 <strong>cibl\u00e9es<\/strong> avec soin pour \u00eatre<strong> les moins p\u00e9nalisantes possibles<\/strong> pour les usagers\u2009: elles portent uniquement sur les jours et les horaires o\u00f9 sont enregistr\u00e9es les plus<strong> faibles fr\u00e9quentations<\/strong>\u2009\u00bb, contrairement \u00e0 ce qu\u2019avance la p\u00e9tition.<\/p>\n<p>Mais pourquoi un tel changement\u2009?<\/p>\n<p class=\" wall-content\">\u00ab\u2009Les lourdes <strong>coupes budg\u00e9taires de l\u2019\u00c9tat<\/strong> dans les budgets des collectivit\u00e9s territoriales ont contraint la Mairie de Toulouse \u00e0 adopter un plan d\u2019\u00e9conomies de 28\u00a0millions d\u2019euros sur ses d\u00e9penses de fonctionnement en 2025. Il s\u2019en est suivi un <strong>gel des recrutements<\/strong> qui a n\u00e9cessit\u00e9 d\u2019<strong>adapter le fonctionnement<\/strong> des biblioth\u00e8ques\u2009\u00bb, explique la Ville.<\/p>\n<p class=\" wall-content\">Une adaptation qui passe donc par des fermetures ponctuelles. De cette mani\u00e8re, la mairie affirme avoir \u00ab\u2009fait en en sorte <strong>qu\u2019aucune<\/strong> biblioth\u00e8que ou m\u00e9diath\u00e8que <strong>ne ferme compl\u00e8tement<\/strong> ses portes\u2009\u00bb.<\/p>\n<p class=\" wall-content\">Rappelons que lors de ces fermetures, les Toulousains pourront se rendre dans la vingtaine d\u2019autres biblioth\u00e8ques municipales de la ville pour poursuivre leurs lectures et activit\u00e9s.<\/p>\n<p class=\" wall-content\">Suivez toute l\u2019actualit\u00e9 de vos villes et m\u00e9dias favoris en vous inscrivant \u00e0 <a href=\"https:\/\/moncompte.actu.fr\" title=\"D\u00e9couvez Mon Actu\" rel=\"nofollow noopener\" data-trk=\"{&quot;cta&quot;:{&quot;action&quot;:&quot;https:\\\/\\\/moncompte.actu.fr&quot;,&quot;category&quot;:&quot;mon compte&quot;,&quot;from&quot;:&quot;article footer&quot;,&quot;name&quot;:&quot;Mon actu&quot;,&quot;type&quot;:&quot;cta&quot;}}\" target=\"_blank\">Mon Actu<\/a>.<\/p>\n","protected":false},"excerpt":{"rendered":"Par L\u00e9a Afonso Publi\u00e9 le 25 juil. 2025 \u00e0 13h08 D\u00e8s le 1er\u00a0septembre 2025, l\u2019organisation des biblioth\u00e8ques de&hellip;\n","protected":false},"author":2,"featured_media":272656,"comment_status":"","ping_status":"","sticky":false,"template":"","format":"standard","meta":{"footnotes":""},"categories":[2816],"tags":[1111,11,1057,1777,674,1011,27,1652,12,2680,25,2312],"class_list":{"0":"post-272655","1":"post","2":"type-post","3":"status-publish","4":"format-standard","5":"has-post-thumbnail","7":"category-toulouse","8":"tag-actu","9":"tag-actualites","10":"tag-education","11":"tag-eu","12":"tag-europe","13":"tag-fr","14":"tag-france","15":"tag-loisirs-culture","16":"tag-news","17":"tag-occitanie","18":"tag-republique-francaise","19":"tag-toulouse"},"share_on_mastodon":{"url":"https:\/\/pubeurope.com\/@fr\/114913652546197260","error":""},"_links":{"self":[{"href":"https:\/\/www.europesays.com\/fr\/wp-json\/wp\/v2\/posts\/272655","targetHints":{"allow":["GET"]}}],"collection":[{"href":"https:\/\/www.europesays.com\/fr\/wp-json\/wp\/v2\/posts"}],"about":[{"href":"https:\/\/www.europesays.com\/fr\/wp-json\/wp\/v2\/types\/post"}],"author":[{"embeddable":true,"href":"https:\/\/www.europesays.com\/fr\/wp-json\/wp\/v2\/users\/2"}],"replies":[{"embeddable":true,"href":"https:\/\/www.europesays.com\/fr\/wp-json\/wp\/v2\/comments?post=272655"}],"version-history":[{"count":0,"href":"https:\/\/www.europesays.com\/fr\/wp-json\/wp\/v2\/posts\/272655\/revisions"}],"wp:featuredmedia":[{"embeddable":true,"href":"https:\/\/www.europesays.com\/fr\/wp-json\/wp\/v2\/media\/272656"}],"wp:attachment":[{"href":"https:\/\/www.europesays.com\/fr\/wp-json\/wp\/v2\/media?parent=272655"}],"wp:term":[{"taxonomy":"category","embeddable":true,"href":"https:\/\/www.europesays.com\/fr\/wp-json\/wp\/v2\/categories?post=272655"},{"taxonomy":"post_tag","embeddable":true,"href":"https:\/\/www.europesays.com\/fr\/wp-json\/wp\/v2\/tags?post=272655"}],"curies":[{"name":"wp","href":"https:\/\/api.w.org\/{rel}","templated":true}]}}