{"id":272664,"date":"2025-07-25T11:36:12","date_gmt":"2025-07-25T11:36:12","guid":{"rendered":"https:\/\/www.europesays.com\/fr\/272664\/"},"modified":"2025-07-25T11:36:12","modified_gmt":"2025-07-25T11:36:12","slug":"dans-les-coulisses-des-pilotes-maritimes-de-marseille-fos-ces-experts-de-la-manoeuvre-qui-emmenent-les-bateaux-a-bon-port","status":"publish","type":"post","link":"https:\/\/www.europesays.com\/fr\/272664\/","title":{"rendered":"Dans les coulisses des pilotes maritimes de Marseille-Fos, ces experts de la man\u0153uvre qui emm\u00e8nent les bateaux \u00e0 bon port"},"content":{"rendered":"<p>Le soleil se l\u00e8ve \u00e0 peine sur <a href=\"https:\/\/www.laprovence.com\/article\/region\/7625591893257414\/serie-ils-habitent-ou-tu-viens-en-vacances-quand-on-a-vecu-au-frioul-on-y-revient-toujours\" target=\"_blank\" rel=\"noopener\">l\u2019\u00eele du Frioul<\/a> quand Pierre Bonnard, chef du service du pilotage du\u00a0Syndicat professionnel des Pilotes des ports de Marseille et du golfe de Fos, monte \u00e0 bord de la pilotine (bateau pilote). Dans une heure, il doit rejoindre le Gallipoli Seaways, un roulier danois de 193 m\u00e8tres de long et 26 m\u00e8tres de large, en approche de <a href=\"https:\/\/www.laprovence.com\/article\/region\/2963367630124215\/apres-les-jeux-olympiques-les-plaisanciers-retrouvent-la-rade-de-marseille\" target=\"_blank\" rel=\"noopener\">la rade de Marseille<\/a>.<\/p>\n","protected":false},"excerpt":{"rendered":"Le soleil se l\u00e8ve \u00e0 peine sur l\u2019\u00eele du Frioul quand Pierre Bonnard, chef du service du pilotage&hellip;\n","protected":false},"author":2,"featured_media":272665,"comment_status":"","ping_status":"","sticky":false,"template":"","format":"standard","meta":{"footnotes":""},"categories":[2814],"tags":[17,1111,11,3934,1446,154,1777,674,1011,27,151,9773,884,28162,12,1978,882,16,25],"class_list":{"0":"post-272664","1":"post","2":"type-post","3":"status-publish","4":"format-standard","5":"has-post-thumbnail","7":"category-marseille","8":"tag-17","9":"tag-actu","10":"tag-actualites","11":"tag-coulisses","12":"tag-dans","13":"tag-des","14":"tag-eu","15":"tag-europe","16":"tag-fr","17":"tag-france","18":"tag-les","19":"tag-maritimes","20":"tag-marseille","21":"tag-marseille-fos","22":"tag-news","23":"tag-pilotes","24":"tag-provence-alpes-cote-dazur","25":"tag-region","26":"tag-republique-francaise"},"share_on_mastodon":{"url":"https:\/\/pubeurope.com\/@fr\/114913672236352412","error":""},"_links":{"self":[{"href":"https:\/\/www.europesays.com\/fr\/wp-json\/wp\/v2\/posts\/272664","targetHints":{"allow":["GET"]}}],"collection":[{"href":"https:\/\/www.europesays.com\/fr\/wp-json\/wp\/v2\/posts"}],"about":[{"href":"https:\/\/www.europesays.com\/fr\/wp-json\/wp\/v2\/types\/post"}],"author":[{"embeddable":true,"href":"https:\/\/www.europesays.com\/fr\/wp-json\/wp\/v2\/users\/2"}],"replies":[{"embeddable":true,"href":"https:\/\/www.europesays.com\/fr\/wp-json\/wp\/v2\/comments?post=272664"}],"version-history":[{"count":0,"href":"https:\/\/www.europesays.com\/fr\/wp-json\/wp\/v2\/posts\/272664\/revisions"}],"wp:featuredmedia":[{"embeddable":true,"href":"https:\/\/www.europesays.com\/fr\/wp-json\/wp\/v2\/media\/272665"}],"wp:attachment":[{"href":"https:\/\/www.europesays.com\/fr\/wp-json\/wp\/v2\/media?parent=272664"}],"wp:term":[{"taxonomy":"category","embeddable":true,"href":"https:\/\/www.europesays.com\/fr\/wp-json\/wp\/v2\/categories?post=272664"},{"taxonomy":"post_tag","embeddable":true,"href":"https:\/\/www.europesays.com\/fr\/wp-json\/wp\/v2\/tags?post=272664"}],"curies":[{"name":"wp","href":"https:\/\/api.w.org\/{rel}","templated":true}]}}