{"id":272666,"date":"2025-07-25T11:37:09","date_gmt":"2025-07-25T11:37:09","guid":{"rendered":"https:\/\/www.europesays.com\/fr\/272666\/"},"modified":"2025-07-25T11:37:09","modified_gmt":"2025-07-25T11:37:09","slug":"lyon-gregory-doucet-a-tranche-le-debat-inflammable-du-desarmement-de-la-police-municipale","status":"publish","type":"post","link":"https:\/\/www.europesays.com\/fr\/272666\/","title":{"rendered":"Lyon. Gr\u00e9gory Doucet a tranch\u00e9 le d\u00e9bat inflammable du d\u00e9sarmement de la police municipale"},"content":{"rendered":"<p>            Par<br \/>\n        <strong><br \/>\n            <a href=\"https:\/\/actu.fr\/auteur\/nicolas-zaugra\" title=\"Consulter tous les articles de Nicolas Zaugra\" rel=\"nofollow noopener\" target=\"_blank\">Nicolas Zaugra<\/a><br \/>\n        <\/strong><\/p>\n<p>        Publi\u00e9 le<\/p>\n<p>            25 juil. 2025 \u00e0 12h10        <\/p>\n<p>Faut-il d\u00e9sarmer la police municipale de <a href=\"https:\/\/actu.fr\/auvergne-rhone-alpes\/lyon_69123\" rel=\"nofollow noopener\" target=\"_blank\">Lyon<\/a> ? Le d\u00e9bat agite la gauche depuis la sortie de <a href=\"https:\/\/actu.fr\/auvergne-rhone-alpes\/villeurbanne_69266\/lfi-veut-desarmer-la-police-municipale-et-enlever-les-cameras-a-villeurbanne-gabriel-amard-assume_62880809.html\" rel=\"nofollow noopener\" target=\"_blank\">la France insoumise, qui souhaite le d\u00e9sarmement des polices municipales<\/a> en France. En vue des <a href=\"https:\/\/actu.fr\/tag\/municipales-2026\" rel=\"nofollow noopener\" target=\"_blank\">municipales 2026<\/a> \u00e0 Lyon <strong>o\u00f9 LFI a de grandes ambitions<\/strong>, le sujet alimente les discussions et la pol\u00e9mique. Le <a href=\"https:\/\/actu.fr\/auvergne-rhone-alpes\/lyon_69123\/lfi-veut-desarmer-la-police-municipale-a-lyon-et-retirer-les-cameras-la-mairie-reagit_62903790.html\" rel=\"nofollow noopener\" target=\"_blank\">maire \u00e9cologiste sortant Gr\u00e9gory Doucet<\/a>, candidat \u00e0 sa r\u00e9\u00e9lection, se d\u00e9marque compl\u00e8tement de LFI, parti avec lequel il souhaite pourtant une alliance \u00e9lectorale.<br \/>Lors d\u2019une visite ce jeudi 24 juillet du commissariat de police municipale du 8e arrondissement qui vient d\u2019\u00eatre r\u00e9nov\u00e9, le maire a tranch\u00e9 le d\u00e9bat.<\/p>\n<p>\u00ab\u00a0Il y a des sujets \u00e0 ne pas discuter\u00a0\u00bb<\/p>\n<p class=\" wall-content\">Pour le maire Gr\u00e9gory Doucet, cit\u00e9 par nos confr\u00e8res du <a href=\"https:\/\/c.leprogres.fr\/faits-divers-justice\/2025\/07\/24\/faut-il-desarmer-la-police-municipale-a-lyon-ce-qu-en-pense-gregory-doucet\" rel=\"nofollow noopener\" target=\"_blank\">Progr\u00e8s<\/a> et <a href=\"https:\/\/www.lyoncapitale.fr\/politique\/municipales-2026-il-n-y-aura-pas-de-debat-sur-l-armement-des-policiers-municipaux-previent-gregory-doucet\" rel=\"nofollow noopener\" target=\"_blank\">Lyon Capitale<\/a>,<strong> pas question<\/strong> de d\u00e9sarmer la police municipale comme le souhaite LFI.<\/p>\n<blockquote class=\"ac-article-quote wall-content\">\n<p>Il y a des sujets \u00e0 ne pas discuter, \u00e7a en fait partie. L\u2019arme, c\u2019est un \u00e9l\u00e9ment rassurant pour le policier, elle est d\u2019abord l\u00e0 pour que l\u2019agent puisse se d\u00e9fendre. Tout \u00e7a est encadr\u00e9, ma\u00eetris\u00e9. On n\u2019a pas d\u2019exemple \u00e0 Lyon de situation o\u00f9 l\u2019arme aurait \u00e9t\u00e9 utilis\u00e9e \u00e0 mauvais escient.<\/p>\n<p>    <strong>Gr\u00e9gory Doucet, maire de Lyon<\/strong>\n            <\/p><\/blockquote>\n<p class=\" wall-content\">\u00ab\u00a0Il y a une r\u00e9flexion et une formation : ce n\u2019est pas simplement apprendre \u00e0 tirer, c\u2019est aussi savoir dans quelles circonstances on sort une arme, et pour quoi faire. La ma\u00eetrise d\u2019une arme, c\u2019est aussi savoir garder son sang-froid dans une situation tendue. Il y a une vigilance de la hi\u00e9rarchie\u00a0\u00bb, a-t-il compl\u00e9t\u00e9.<\/p>\n<p>Se d\u00e9marquer de La France insoumise<\/p>\n<p class=\" wall-content\"><a href=\"https:\/\/actu.fr\/auvergne-rhone-alpes\/lyon_69123\/lyon-mohamed-chihi-adjoint-au-maire-a-la-securite-la-ville-s-est-calmee-partout_62778548.html\" rel=\"nofollow noopener\" target=\"_blank\">Mohamed Chihi<\/a>, adjoint au maire d\u00e9l\u00e9gu\u00e9 \u00e0 la S\u00e9curit\u00e9, \u00e9tait sur cette ligne il y a une dizaine de jours.<\/p>\n<p class=\" wall-content\">\u00ab\u00a0Il est compliqu\u00e9 dans une ville comme Lyon de ne pas prendre en compte que nos policiers peuvent \u00eatre amen\u00e9s \u00e0 intervenir dans des situations avec une <strong>dangerosit\u00e9 importante<\/strong>. L\u2019armement se justifie parce qu\u2019on a besoin d\u2019intervenir dans tous les cas de figure. Puis, c\u2019est une police en uniforme. Les gens ne feront pas de distinction pour s\u2019en prendre \u00e0 quelqu\u2019un en uniforme\u00a0\u00bb, disait-il aupr\u00e8s d\u2019actu Lyon.<\/p>\n<p class=\" wall-content\">Pour le maire \u00e9cologiste, c\u2019est en tout cas une mani\u00e8re de plus de <strong>se d\u00e9marquer de LFI<\/strong> et appara\u00eetre moins radical, surtout en vue des municipales 2026. Face \u00e0 une France insoumise per\u00e7ue comme de plus en plus \u00e0 gauche, <a href=\"https:\/\/actu.fr\/auvergne-rhone-alpes\/lyon_69123\/lyon-gregory-doucet-annonce-60-nouvelles-cameras-on-en-sait-plus-sur-leur-emplacement_62700797.html\" rel=\"nofollow noopener\" target=\"_blank\">Gr\u00e9gory Doucet tente ces derniers mois un recentrage sur la s\u00e9curit\u00e9<\/a>.<\/p>\n<p class=\" wall-content\">Un \u00e9lu socialiste de la majorit\u00e9 a bien constat\u00e9 ce virage. \u00ab\u00a0Sur la s\u00e9curit\u00e9, le maire a chang\u00e9 sa posture, c\u2019est s\u00fbr, maintenant pas une semaine sans affichage avec la police. Au d\u00e9but du mandat, certains \u00e9colos n\u2019\u00e9taient pas loin de dire \u00ab\u00a0la police tue\u00a0\u00bb\u00a0\u00bb, grince l\u2019\u00e9lu qui accueille favorablement ce changement de pied des \u00e9cologistes.<\/p>\n<p class=\" wall-content\">Suivez toute l\u2019actualit\u00e9 de vos villes et m\u00e9dias favoris en vous inscrivant \u00e0 <a href=\"https:\/\/moncompte.actu.fr\" title=\"D\u00e9couvez Mon Actu\" rel=\"nofollow noopener\" data-trk=\"{&quot;cta&quot;:{&quot;action&quot;:&quot;https:\\\/\\\/moncompte.actu.fr&quot;,&quot;category&quot;:&quot;mon compte&quot;,&quot;from&quot;:&quot;article footer&quot;,&quot;name&quot;:&quot;Mon actu&quot;,&quot;type&quot;:&quot;cta&quot;}}\" target=\"_blank\">Mon Actu<\/a>.<\/p>\n","protected":false},"excerpt":{"rendered":"Par Nicolas Zaugra Publi\u00e9 le 25 juil. 2025 \u00e0 12h10 Faut-il d\u00e9sarmer la police municipale de Lyon ?&hellip;\n","protected":false},"author":2,"featured_media":272667,"comment_status":"","ping_status":"","sticky":false,"template":"","format":"standard","meta":{"footnotes":""},"categories":[1889],"tags":[1111,11,2430,4188,1777,674,1011,27,5226,1023,2428,3434,12,316,25],"class_list":{"0":"post-272666","1":"post","2":"type-post","3":"status-publish","4":"format-standard","5":"has-post-thumbnail","7":"category-lyon","8":"tag-actu","9":"tag-actualites","10":"tag-auvergne-rhone-alpes","11":"tag-elections-municipales","12":"tag-eu","13":"tag-europe","14":"tag-fr","15":"tag-france","16":"tag-gregory-doucet","17":"tag-la-france-insoumise-lfi","18":"tag-lyon","19":"tag-municipales-2026","20":"tag-news","21":"tag-politique","22":"tag-republique-francaise"},"share_on_mastodon":{"url":"https:\/\/pubeurope.com\/@fr\/114913676262575687","error":""},"_links":{"self":[{"href":"https:\/\/www.europesays.com\/fr\/wp-json\/wp\/v2\/posts\/272666","targetHints":{"allow":["GET"]}}],"collection":[{"href":"https:\/\/www.europesays.com\/fr\/wp-json\/wp\/v2\/posts"}],"about":[{"href":"https:\/\/www.europesays.com\/fr\/wp-json\/wp\/v2\/types\/post"}],"author":[{"embeddable":true,"href":"https:\/\/www.europesays.com\/fr\/wp-json\/wp\/v2\/users\/2"}],"replies":[{"embeddable":true,"href":"https:\/\/www.europesays.com\/fr\/wp-json\/wp\/v2\/comments?post=272666"}],"version-history":[{"count":0,"href":"https:\/\/www.europesays.com\/fr\/wp-json\/wp\/v2\/posts\/272666\/revisions"}],"wp:featuredmedia":[{"embeddable":true,"href":"https:\/\/www.europesays.com\/fr\/wp-json\/wp\/v2\/media\/272667"}],"wp:attachment":[{"href":"https:\/\/www.europesays.com\/fr\/wp-json\/wp\/v2\/media?parent=272666"}],"wp:term":[{"taxonomy":"category","embeddable":true,"href":"https:\/\/www.europesays.com\/fr\/wp-json\/wp\/v2\/categories?post=272666"},{"taxonomy":"post_tag","embeddable":true,"href":"https:\/\/www.europesays.com\/fr\/wp-json\/wp\/v2\/tags?post=272666"}],"curies":[{"name":"wp","href":"https:\/\/api.w.org\/{rel}","templated":true}]}}