{"id":272670,"date":"2025-07-25T11:40:10","date_gmt":"2025-07-25T11:40:10","guid":{"rendered":"https:\/\/www.europesays.com\/fr\/272670\/"},"modified":"2025-07-25T11:40:10","modified_gmt":"2025-07-25T11:40:10","slug":"arrivee-du-tour-de-france-rer-c-coupe-stations-fermees-les-perturbations-du-week-end-en-ile-de-france","status":"publish","type":"post","link":"https:\/\/www.europesays.com\/fr\/272670\/","title":{"rendered":"Arriv\u00e9e du Tour de France, RER\u00a0C coup\u00e9, stations ferm\u00e9es\u2026 les perturbations du week-end en \u00cele-de-France"},"content":{"rendered":"<p class=\"paragraph text_align_left lp-f-body-02\">Le mois de juillet touche \u00e0 sa fin et les <a href=\"https:\/\/www.leparisien.fr\/info-paris-ile-de-france-oise\/transports\/train-rer-et-metros-en-juillet-pas-de-vacances-pour-les-chantiers-et-les-fermetures-de-lignes-05-07-2025-YJ46WIO6Q5GXNE6DHMDHVZBO6A.php\" target=\"_blank\" rel=\"noreferrer noopener\">chantiers de modernisation<\/a> battent leur plein sur le r\u00e9seau ferroviaire et <a href=\"https:\/\/www.leparisien.fr\/info-paris-ile-de-france-oise\/transports\/viaduc-de-velizy-a6-n315-pour-les-automobilistes-franciliens-cest-lete-de-tous-les-chantiers-09-07-2025-A44CNUDEUFAGZE3E7SXUNH756I.php\" target=\"_blank\" rel=\"noreferrer noopener\">les routes en \u00cele-de-France<\/a>.<\/p>\n<p class=\"paragraph text_align_left lp-f-body-02\">\u00c0 ces coupures s\u2019ajoutent ce week-end <a href=\"https:\/\/www.leparisien.fr\/paris-75\/arrivee-du-tour-de-france-a-paris-attention-aux-rues-fermees-aux-restrictions-de-circulation-et-de-stationnement-24-07-2025-PQDBCTBZWRCCJB3KWQWFNRW3KI.php\" target=\"_self\" rel=\"noopener\">les restrictions li\u00e9es \u00e0 l\u2019arriv\u00e9e du Tour de France<\/a>, dimanche \u00e0 Paris. Attention aussi aux d\u00e9parts en vacances, avec des axes routiers tr\u00e8s charg\u00e9s en \u00cele-de-France.<\/p>\n<p class=\"paragraph text_align_left lp-f-body-02\">Dans la capitale, de nombreux secteurs seront \u00ab boucl\u00e9s \u00bb, entre les Champs-\u00c9lys\u00e9es et Montmartre (Paris XVIIIe) pour les besoins de la course et l\u2019accueil du public.<\/p>\n<p class=\"paragraph text_align_left lp-f-body-02\">Des p\u00e9rim\u00e8tres de s\u00e9curit\u00e9 emp\u00eachent la circulation motoris\u00e9e. Plusieurs stations de m\u00e9tro seront elle aussi ferm\u00e9es dimanche sur les lignes 1, 2, 3, 6, 8 et 13. Cette liste est susceptible d\u2019\u00e9voluer, en fonction des d\u00e9cisions de la pr\u00e9fecture de police.<\/p>\n<p>Une quinzaine de stations de m\u00e9tro ferm\u00e9es<\/p>\n<p class=\"paragraph text_align_left lp-f-body-02\"><b>Ligne 1<\/b>, ce sera le cas de : Champs-\u00c9lys\u00e9es \u2013 Clemenceau, Tuileries, Franklin- D.-Roosevelt, Charles-de-Gaulle &#8211; \u00c9toile, George-V, Concorde et Argentine. Tous ces arr\u00eats ne seront pas desservis dimanche, toute la journ\u00e9e.<\/p>\n<p class=\"paragraph text_align_left lp-f-body-02\"><b>Ligne 2<\/b>, les stations Rome, Villiers, Blanche, Charles-de-Gaulle &#8211; \u00c9toile et Place-de-Clichy seront elles aussi inaccessibles, d\u00e8s 13 heures.<\/p>\n<p class=\"paragraph text_align_left lp-f-body-02\"><b>Ligne 3<\/b>, la station Villiers sera ferm\u00e9e dimanche \u00e0 partir de 13 heures. \u00c0 noter que le trafic est aussi interrompu entre Op\u00e9ra et Gallieni jusqu\u2019au 3 ao\u00fbt. Un bus de remplacement circule entre R\u00e9publique et Gallieni.<\/p>\n<p class=\"paragraph text_align_left lp-f-body-02\"><b>Ligne 6,<\/b> Charles-de-Gaulle &#8211; \u00c9toile est close dimanche. Les correspondances ne sont pas possibles.<\/p>\n<p class=\"paragraph text_align_left lp-f-body-02\"><b>Ligne 8<\/b>, les deux arr\u00eats Concorde et Madeleine ne seront pas ouverts dimanche.<\/p>\n<p class=\"paragraph text_align_left lp-f-body-02\"><b>Ligne 9,<\/b> la station Franklin-D.-Roosevelt n\u2019est pas desservie dimanche.<\/p>\n<p class=\"paragraph text_align_left lp-f-body-02\"><b>Ligne 12<\/b>, en plus de Concorde et Madeleine, non desservies, la station Abbesses baissera le rideau dimanche \u00e0 partir de 13 heures.<\/p>\n<p class=\"paragraph text_align_left lp-f-body-02\"><b>Ligne 13<\/b>, en plus de Champs-\u00c9lys\u00e9es \u2013 Clemenceau, l\u2019arr\u00eat Place-de-Clichy est non desservi \u00e0 partir de 13 heures. \u00c0 celles-ci s\u2019ajoutent les stations ferm\u00e9es pour travaux : Pernety et Gabriel-P\u00e9ri, inaccessibles jusqu\u2019au 31 ao\u00fbt.<\/p>\n<p>RER A<\/p>\n<p class=\"paragraph text_align_left lp-f-body-02\">En raison du Tour de France, aucun train ne desservira la gare de Charles-de-Gaulle &#8211; \u00c9toile dimanche. La r\u00e9ouverture de la gare se fera sur ordre de la pr\u00e9fecture de police.<\/p>\n<p>RER B<\/p>\n<p class=\"paragraph text_align_left lp-f-body-02\">Les chantiers continuent au sud. Jusqu\u2019au 27 ao\u00fbt, toute la journ\u00e9e, le trafic est interrompu entre La-Croix-de-Berny et Massy-Palaiseau. Des navettes de remplacement seront mises place.<\/p>\n<p>RER C<\/p>\n<p class=\"paragraph text_align_left lp-f-body-02\">La ligne est coup\u00e9e samedi entre Paris Austerlitz &#8211; Montigny-Beauchamp et Pontoise. Ailleurs, jusqu\u2019au 23 ao\u00fbt, les tron\u00e7ons restent ferm\u00e9s de la gare de Paris-Austerlitz \u00e0 l\u2019est jusqu\u2019\u00e0 la gare Avenue-Henri-Martin (Paris XVIe). M\u00eame chose entre Versailles-Ch\u00e2teau et Saint-Quentin-en-Yvelines \u00e0 l\u2019ouest et entre Massy &#8211; Pont-de-Rungis, au sud.<\/p>\n<p>LIGNE L<\/p>\n<p class=\"paragraph text_align_left lp-f-body-02\">Samedi et dimanche, les trains entre Paris Saint-Lazare et Nanterre-Universit\u00e9 sont supprim\u00e9s. Pour rejoindre les gares de cette branche, la SNCF conseille d\u2019emprunter les trains de la ligne L entre Paris Saint-Lazare et Maisons-Laffitte.<\/p>\n<p>LIGNE P<\/p>\n<p class=\"paragraph text_align_left lp-f-body-02\">Jusqu\u2019au 8 ao\u00fbt, les trains ne roulent pas entre Meaux et La Fert\u00e9 &#8211; Milon (Seine-et-Marne). Un service de bus de remplacement est mis en place<\/p>\n<p>LIGNE R<\/p>\n<p class=\"paragraph text_align_left lp-f-body-02\">De 10h25 \u00e0 15h30, jusqu\u2019au 1er ao\u00fbt, le trafic est interrompu entre Melun et Montereau via H\u00e9ricy. Un service de bus de remplacement est mis en place<\/p>\n","protected":false},"excerpt":{"rendered":"Le mois de juillet touche \u00e0 sa fin et les chantiers de modernisation battent leur plein sur le&hellip;\n","protected":false},"author":2,"featured_media":272671,"comment_status":"","ping_status":"","sticky":false,"template":"","format":"standard","meta":{"footnotes":""},"categories":[1592],"tags":[1111,11,1777,674,1011,27,662,1944,12,626,25,2382],"class_list":{"0":"post-272670","1":"post","2":"type-post","3":"status-publish","4":"format-standard","5":"has-post-thumbnail","7":"category-ile-de-france","8":"tag-actu","9":"tag-actualites","10":"tag-eu","11":"tag-europe","12":"tag-fr","13":"tag-france","14":"tag-ile-de-france","15":"tag-ma-ville","16":"tag-news","17":"tag-paris","18":"tag-republique-francaise","19":"tag-transport-idf-oise"},"share_on_mastodon":{"url":"https:\/\/pubeurope.com\/@fr\/114913687864049369","error":""},"_links":{"self":[{"href":"https:\/\/www.europesays.com\/fr\/wp-json\/wp\/v2\/posts\/272670","targetHints":{"allow":["GET"]}}],"collection":[{"href":"https:\/\/www.europesays.com\/fr\/wp-json\/wp\/v2\/posts"}],"about":[{"href":"https:\/\/www.europesays.com\/fr\/wp-json\/wp\/v2\/types\/post"}],"author":[{"embeddable":true,"href":"https:\/\/www.europesays.com\/fr\/wp-json\/wp\/v2\/users\/2"}],"replies":[{"embeddable":true,"href":"https:\/\/www.europesays.com\/fr\/wp-json\/wp\/v2\/comments?post=272670"}],"version-history":[{"count":0,"href":"https:\/\/www.europesays.com\/fr\/wp-json\/wp\/v2\/posts\/272670\/revisions"}],"wp:featuredmedia":[{"embeddable":true,"href":"https:\/\/www.europesays.com\/fr\/wp-json\/wp\/v2\/media\/272671"}],"wp:attachment":[{"href":"https:\/\/www.europesays.com\/fr\/wp-json\/wp\/v2\/media?parent=272670"}],"wp:term":[{"taxonomy":"category","embeddable":true,"href":"https:\/\/www.europesays.com\/fr\/wp-json\/wp\/v2\/categories?post=272670"},{"taxonomy":"post_tag","embeddable":true,"href":"https:\/\/www.europesays.com\/fr\/wp-json\/wp\/v2\/tags?post=272670"}],"curies":[{"name":"wp","href":"https:\/\/api.w.org\/{rel}","templated":true}]}}