{"id":272672,"date":"2025-07-25T11:41:13","date_gmt":"2025-07-25T11:41:13","guid":{"rendered":"https:\/\/www.europesays.com\/fr\/272672\/"},"modified":"2025-07-25T11:41:13","modified_gmt":"2025-07-25T11:41:13","slug":"paris-un-deuxieme-incendie-frappe-plus-durement-leglise-notre-dame-des-champs-son-origine-interroge","status":"publish","type":"post","link":"https:\/\/www.europesays.com\/fr\/272672\/","title":{"rendered":"Paris. Un deuxi\u00e8me incendie frappe plus durement l&rsquo;\u00e9glise Notre-Dame-des-Champs : \u00ab\u00a0Son origine interroge\u00a0\u00bb"},"content":{"rendered":"<p>            Par<br \/>\n        <strong><br \/>\n            <a href=\"https:\/\/actu.fr\/auteur\/julie-bossart-actu-fr\" title=\"Consulter tous les articles de Julie Bossart\" rel=\"nofollow noopener\" target=\"_blank\">Julie Bossart<\/a><br \/>\n        <\/strong><\/p>\n<p>        Publi\u00e9 le<\/p>\n<p>            25 juil. 2025 \u00e0 12h06        <\/p>\n<p>Un nouveau choc \u00e9branle les paroissiens de l\u2019\u00e9glise Notre-Dame-des-Champs. Alors que, mercredi 23\u00a0juillet 2025, l\u2019\u00e9difice du 6e arrondissement de<a href=\"https:\/\/actu.fr\/paris\/dernieres-actus\" rel=\"nofollow noopener\" target=\"_blank\"> Paris<\/a> a subi un<a href=\"https:\/\/actu.fr\/ile-de-france\/paris_75056\/paris-un-incendie-se-declare-a-l-eglise-notre-dame-des-champs-les-pompiers-toujours-sur-place_62946003.html\" rel=\"nofollow noopener\" target=\"_blank\"> premier incendie<\/a>, localis\u00e9 dans un petit bureau, un deuxi\u00e8me sinistre s\u2019est d\u00e9clar\u00e9 le lendemain peu avant 17 heures, cette fois-ci dans la chapelle Saint-Joseph, situ\u00e9e dans le transept nord. Une information relay\u00e9e par le cur\u00e9 Camille Millour sur le <a href=\"https:\/\/notredamedeschamps.fr\/\" rel=\"nofollow noopener\" target=\"_blank\">site de la paroisse,<\/a> et confirm\u00e9e \u00e0 actu par le dioc\u00e8se de Paris ce vendredi 25\u00a0juillet.<\/p>\n<p>\u00ab\u2009Nous attendons les r\u00e9sultats de l\u2019enqu\u00eate\u2009\u00bb<\/p>\n<p class=\" wall-content\">\u00ab\u2009Ce deuxi\u00e8me <a href=\"https:\/\/actu.fr\/tag\/incendie\" rel=\"nofollow noopener\" target=\"_blank\">incendie<\/a> a fait encore plus de d\u00e9g\u00e2ts et interroge sur son origine\u2009\u00bb, indique le p\u00e8re, qui pr\u00e9cise que \u00ab\u2009l\u2019enqu\u00eate du laboratoire central de la <a href=\"https:\/\/actu.fr\/tag\/prefecture-de-police-de-paris\" rel=\"nofollow noopener\" target=\"_blank\">Pr\u00e9fecture de Police<\/a> est en cours\u2009\u00bb. Et d\u2019ajouter qu\u2019il allait d\u00e9poser plainte, aux c\u00f4t\u00e9s de la<a href=\"https:\/\/actu.fr\/tag\/mairie-de-paris\" rel=\"nofollow noopener\" target=\"_blank\"> Ville de Paris<\/a>, aupr\u00e8s du commissariat d\u2019arrondissement. Dans les deux cas, aucun bless\u00e9 n\u2019a \u00e9t\u00e9 d\u00e9plor\u00e9, souligne la pr\u00e9fecture de Police. Des rondes et des patrouilles ont \u00e9t\u00e9 mises en place.\u00a0<\/p>\n<p class=\" wall-content\">\u00ab\u2009Pour les raisons de l\u2019enqu\u00eate, mais aussi pour des questions de s\u00e9curit\u00e9 et de remise en \u00e9tat des lieux, l\u2019\u00e9glise va rester ferm\u00e9e pour une dur\u00e9e ind\u00e9termin\u00e9e, et les messes seront donn\u00e9es \u00e0 la maison paroissiale [92 bis, boulevard du Montparnasse] jusqu\u2019\u00e0 nouvel ordre*\u2009\u00bb, ajoute le p\u00e8re Millour.<\/p>\n<p class=\" wall-content\">\u00ab\u2009Accident ou acte criminel, on ne le sait pas encore\u2009\u00bb, indiquait le cur\u00e9 aupr\u00e8s de <a href=\"https:\/\/tribunechretienne.com\/incendie-a-notre-dame-des-champs-est-ce-un-accident-ou-un-acte-criminel\/\" rel=\"nofollow noopener\" target=\"_blank\">Tribune Chr\u00e9tienne<\/a> en ce qui concerne le premier incendie. Aujourd\u2019hui, la question se fait d\u2019autant plus pressante, mais le dioc\u00e8se se refuse \u00e0 toute conclusion h\u00e2tive\u2009: \u00ab\u2009Nous attendons les r\u00e9sultats de l\u2019enqu\u00eate. D\u00e8s qu\u2019il a appris les faits, l\u2019archev\u00eaque de Paris a manifest\u00e9 tout son soutien et a salu\u00e9 la communaut\u00e9 paroissiale dans cette \u00e9preuve. Nous travaillons \u00e0 leurs c\u00f4t\u00e9s pour leur apporter toute l\u2019aide n\u00e9cessaire.\u2009\u00bb<\/p>\n<p class=\" wall-content\">Dans un tweet, le maire d\u2019arrondissement, Jean-Pierre Lecoq (LR), d\u00e9clarait avoir \u00ab\u2009demand\u00e9 \u00e0 la directrice des affaires culturelles de la Mairie de Paris un audit des r\u00e9seaux \u00e9lectriques et du syst\u00e8me de s\u00e9curit\u00e9, l\u2019alarme ne s\u2019\u00e9tant pas d\u00e9clench\u00e9e\u2009!\u2009\u00bb.<\/p>\n<p class=\" wall-content\">\n<p>D\u2019importants d\u00e9g\u00e2ts<\/p>\n<p class=\" wall-content\">Dans sa communication, le p\u00e8re Camille Millour, lui, rappelle qu\u2019il y a \u00ab\u2009quelques semaines, nous avons lanc\u00e9 <a href=\"https:\/\/denier.dioceseparis.fr\/?affectation=06CHA-4\" rel=\"nofollow noopener\" target=\"_blank\">une souscription<\/a> au sujet de l\u2019\u00e9clairage et une remise aux normes des luminaires. Ce que nous avons connu [avant-hier et hier] me confirme que la r\u00e9fection de l\u2019\u00e9clairage est un sujet essentiel, non pas juste pour l\u2019embellissement de l\u2019\u00e9glise, mais aussi pour sa s\u00e9curit\u00e9.\u2009\u00bb<\/p>\n<p class=\" wall-content\">Orgue de ch\u0153ur d\u00e9truit, peintures endommag\u00e9es, pierre noircie\u2026 De nombreux d\u00e9g\u00e2ts ont \u00e9t\u00e9 caus\u00e9s par les deux incendies. \u00ab\u2009Ils sont en cours d\u2019expertise et des travaux de remise en \u00e9tat seront n\u00e9cessaires, pr\u00e9vient le cur\u00e9. Certains seront couverts par les assurances, mais une partie importante de ces d\u00e9penses restera \u00e0 notre charge.\u2009\u00bb Pour aider la paroisse, il est possible de faire un don, via <a href=\"https:\/\/denier.dioceseparis.fr\/?affectation=06CHA-4\" rel=\"nofollow noopener\" target=\"_blank\">cette adresse<\/a>.<\/p>\n<p class=\" wall-content\">\u00c9rig\u00e9e \u00e0 la fin du XIXe si\u00e8cle (1867-1876), l\u2019\u00e9glise d\u2019inspiration romane f\u00eatera ses 150 ans l\u2019ann\u00e9e prochaine. Les fresques situ\u00e9es dans le ch\u0153ur devaient \u00eatre r\u00e9nov\u00e9es \u00e0 la rentr\u00e9e 2025.<\/p>\n<p class=\" wall-content\">*Les horaires en semaine : lundi au vendredi, \u00e0 18h30 (pas de messes \u00e0 7h30 ni 12h15). Le week-end\u2009: samedi, messe anticip\u00e9e \u00e0 18h30, dimanche, messes \u00e0 9h30, 11h00 et 17h30<\/p>\n<p class=\" wall-content\">Suivez toute l\u2019actualit\u00e9 de vos villes et m\u00e9dias favoris en vous inscrivant \u00e0 <a href=\"https:\/\/moncompte.actu.fr\" title=\"D\u00e9couvez Mon Actu\" rel=\"nofollow noopener\" data-trk=\"{&quot;cta&quot;:{&quot;action&quot;:&quot;https:\\\/\\\/moncompte.actu.fr&quot;,&quot;category&quot;:&quot;mon compte&quot;,&quot;from&quot;:&quot;article footer&quot;,&quot;name&quot;:&quot;Mon actu&quot;,&quot;type&quot;:&quot;cta&quot;}}\" target=\"_blank\">Mon Actu<\/a>.<\/p>\n","protected":false},"excerpt":{"rendered":"Par Julie Bossart Publi\u00e9 le 25 juil. 2025 \u00e0 12h06 Un nouveau choc \u00e9branle les paroissiens de l\u2019\u00e9glise&hellip;\n","protected":false},"author":2,"featured_media":272673,"comment_status":"","ping_status":"","sticky":false,"template":"","format":"standard","meta":{"footnotes":""},"categories":[1888],"tags":[1111,1928,11,1927,1777,674,118,1011,27,1310,12,1926,626,1925,2551,1072,25],"class_list":{"0":"post-272672","1":"post","2":"type-post","3":"status-publish","4":"format-standard","5":"has-post-thumbnail","7":"category-paris","8":"tag-actu","9":"tag-actu-paris","10":"tag-actualites","11":"tag-actualites-paris","12":"tag-eu","13":"tag-europe","14":"tag-faits-divers","15":"tag-fr","16":"tag-france","17":"tag-incendie","18":"tag-news","19":"tag-news-paris","20":"tag-paris","21":"tag-paris-news","22":"tag-patrimoine","23":"tag-police","24":"tag-republique-francaise"},"share_on_mastodon":{"url":"https:\/\/pubeurope.com\/@fr\/114913691891658256","error":""},"_links":{"self":[{"href":"https:\/\/www.europesays.com\/fr\/wp-json\/wp\/v2\/posts\/272672","targetHints":{"allow":["GET"]}}],"collection":[{"href":"https:\/\/www.europesays.com\/fr\/wp-json\/wp\/v2\/posts"}],"about":[{"href":"https:\/\/www.europesays.com\/fr\/wp-json\/wp\/v2\/types\/post"}],"author":[{"embeddable":true,"href":"https:\/\/www.europesays.com\/fr\/wp-json\/wp\/v2\/users\/2"}],"replies":[{"embeddable":true,"href":"https:\/\/www.europesays.com\/fr\/wp-json\/wp\/v2\/comments?post=272672"}],"version-history":[{"count":0,"href":"https:\/\/www.europesays.com\/fr\/wp-json\/wp\/v2\/posts\/272672\/revisions"}],"wp:featuredmedia":[{"embeddable":true,"href":"https:\/\/www.europesays.com\/fr\/wp-json\/wp\/v2\/media\/272673"}],"wp:attachment":[{"href":"https:\/\/www.europesays.com\/fr\/wp-json\/wp\/v2\/media?parent=272672"}],"wp:term":[{"taxonomy":"category","embeddable":true,"href":"https:\/\/www.europesays.com\/fr\/wp-json\/wp\/v2\/categories?post=272672"},{"taxonomy":"post_tag","embeddable":true,"href":"https:\/\/www.europesays.com\/fr\/wp-json\/wp\/v2\/tags?post=272672"}],"curies":[{"name":"wp","href":"https:\/\/api.w.org\/{rel}","templated":true}]}}